{"id":1507,"date":"2018-06-11T17:33:46","date_gmt":"2018-06-11T15:33:46","guid":{"rendered":"http:\/\/agora.xtec.cat\/ceip-peredetera\/?p=1507"},"modified":"2018-06-12T10:06:25","modified_gmt":"2018-06-12T08:06:25","slug":"2n-dia-de-colonies","status":"publish","type":"post","link":"https:\/\/agora.xtec.cat\/ceip-peredetera\/general\/2n-dia-de-colonies\/","title":{"rendered":"2N DIA DE COL\u00d2NIES"},"content":{"rendered":"<p>&nbsp;<\/p>\n<p>El segon dia de col\u00f2nies va ser un dia molt bonic i inoblidable perqu\u00e8 vam descobrir unes vistes precioses.\u00a0 \u00a0 \u00a0 \u00a0 \u00a0 \u00a0 \u00a0 \u00a0 \u00a0 \u00a0 \u00a0 \u00a0 \u00a0 \u00a0 \u00a0 \u00a0 \u00a0 \u00a0 \u00a0 \u00a0 \u00a0 \u00a0 \u00a0 \u00a0 \u00a0 \u00a0 \u00a0 \u00a0 \u00a0 \u00a0 \u00a0 Aix\u00f2 s\u00ed, despr\u00e9s de tant caminar&#8230; vam tenir una bona recompensa!!<\/p>\n<p>&nbsp;<\/p>\n<p><img loading=\"lazy\" decoding=\"async\" class=\"attachment-266x266 \" src=\"http:\/\/agora.xtec.cat\/ceip-peredetera\/wp-content\/uploads\/usu1268\/2018\/06\/2N-DIA_1.jpg\" alt=\"\" width=\"281\" height=\"203\" \/><\/p>\n<p>&nbsp;<\/p>\n<p>La primera activitat de la tarda va ser el roc\u00f2drom, ens ho vam passar molt b\u00e9 i molta gent va aconseguir arribar fins dalt de tot. Tamb\u00e9, quan baix\u00e0vem del roc\u00f2drom, ens feien mal els dits i les mans de l\u2019esfor\u00e7 realitzat. Ens van ensenyar com posar-nos l\u2019arn\u00e9s de seguretat, el casc i com utilitzar cada material. El teu company\/a havia de tensar la corda per ajudar-te a escalar i no caure.<\/p>\n<p>Va ser molt divertit!<\/p>\n<p>&nbsp;<\/p>\n<p><img loading=\"lazy\" decoding=\"async\" class=\"attachment-266x266 size-266x266\" src=\"http:\/\/agora.xtec.cat\/ceip-peredetera\/wp-content\/uploads\/usu1268\/2018\/06\/2N-DIA_2.jpg\" alt=\"\" width=\"228\" height=\"266\" \/><\/p>\n<p>&nbsp;<\/p>\n<p><u><\/u>La nostra experi\u00e8ncia a la tirolina va ser emocionant i a la vegada vam passar molts nervis abans de llen\u00e7ar-nos.\u00a0 \u00a0 \u00a0 \u00a0 \u00a0 \u00a0 \u00a0 \u00a0 \u00a0 \u00a0 \u00a0 \u00a0 \u00a0 \u00a0 \u00a0 \u00a0 \u00a0 \u00a0 \u00a0 \u00a0 \u00a0 \u00a0 \u00a0 \u00a0 \u00a0 \u00a0 \u00a0Per aconseguir-ho, ens vam animar m\u00fatuament!<\/p>\n<p><strong>\u00a0<\/strong><\/p>\n<p><strong>\u00a0<\/strong><strong>\u00a0<img loading=\"lazy\" decoding=\"async\" class=\"attachment-266x266 size-266x266\" src=\"http:\/\/agora.xtec.cat\/ceip-peredetera\/wp-content\/uploads\/usu1268\/2018\/06\/2N-DIA_3.jpg\" alt=\"\" width=\"200\" height=\"266\" \/><\/strong><\/p>\n<p>&nbsp;<\/p>\n<p>Aquell dia, els \u201cprofes\u201d ens van fer una broma als alumnes abans de baixar a la piscina.<\/p>\n<p>Aquella broma consistia en qu\u00e8 havien cordat les nostres bambes amb bambes d\u2019altres companys\/es a m\u00e9s d\u2019amagar-nos els sacs de dormir en diferents habitacions.<\/p>\n<p>&nbsp;<\/p>\n<p><img loading=\"lazy\" decoding=\"async\" class=\"attachment-266x266 size-266x266\" src=\"http:\/\/agora.xtec.cat\/ceip-peredetera\/wp-content\/uploads\/usu1268\/2018\/06\/2N-DIA_4.jpg\" alt=\"\" width=\"200\" height=\"266\" \/><\/p>\n<p>&nbsp;<\/p>\n<p>Despr\u00e9s d\u2019aquesta petita juguesca, vam baixar a la piscina i tothom es va divertir i gaudir molt!!!<\/p>\n<p>Tamb\u00e9 hi havia alguns companys\/es que estaven a l\u2019altra banda poc profunda perqu\u00e8 no sabien nadar. D\u2019altres, \u00a0estaven fent torres i salts conjunts.<\/p>\n<p>&nbsp;<\/p>\n<p><img loading=\"lazy\" decoding=\"async\" class=\"attachment-266x266 \" src=\"http:\/\/agora.xtec.cat\/ceip-peredetera\/wp-content\/uploads\/usu1268\/2018\/06\/2N-DIA_5.jpg\" alt=\"\" width=\"284\" height=\"213\" \/><\/p>\n<p>&nbsp;<\/p>\n<p>Encara que feia fred, vol\u00edem estar a la piscina jugant .<\/p>\n<p>&nbsp;<\/p>\n<p>La festa es va celebrar el segon dia per la nit al pati principal.<\/p>\n<p>A la \u201cdiscoteca\u201d hi havia un altaveu, una llum\u00a0de colors i a la taula un monitor posant les can\u00e7ons que nosaltres li deman\u00e0vem. Tots ens ho vam passar mot b\u00e9, per\u00f2 algunes nenes es van acabar emocionant\u00a0per l\u2019\u00faltima can\u00e7\u00f3 i pel fet de pensar que aquesta seria l&#8217;\u00faltima sortida junts.<\/p>\n<p>&nbsp;<\/p>\n<p>Vam ballar mooolt!!!!<\/p>\n<p>&nbsp;<\/p>\n<p><a href=\"https:\/\/photos.app.goo.gl\/E8zBPfG6pXNimg2l1\">https:\/\/photos.app.goo.gl\/E8zBPfG6pXNimg2l1<\/a><\/p>\n<p>&nbsp;<\/p>\n<p>&nbsp;<\/p>\n<p>&nbsp;<\/p>\n","protected":false},"excerpt":{"rendered":"<p>&nbsp; El segon dia de col\u00f2nies va ser un dia molt bonic i inoblidable perqu\u00e8 vam descobrir unes vistes precioses.\u00a0 \u00a0 \u00a0 \u00a0 \u00a0 \u00a0 \u00a0 \u00a0 \u00a0 \u00a0 \u00a0 \u00a0 \u00a0 \u00a0 \u00a0 \u00a0 \u00a0 \u00a0 \u00a0 \u00a0 \u00a0 \u00a0 \u00a0 \u00a0 \u00a0 \u00a0 \u00a0 \u00a0 \u00a0 \u00a0 \u00a0 Aix\u00f2 s\u00ed, despr\u00e9s de tant [&hellip;]<\/p>\n","protected":false},"author":4,"featured_media":1513,"comment_status":"closed","ping_status":"closed","sticky":false,"template":"","format":"standard","meta":{"_bbp_topic_count":0,"_bbp_reply_count":0,"_bbp_total_topic_count":0,"_bbp_total_reply_count":0,"_bbp_voice_count":0,"_bbp_anonymous_reply_count":0,"_bbp_topic_count_hidden":0,"_bbp_reply_count_hidden":0,"_bbp_forum_subforum_count":0,"site-sidebar-layout":"default","site-content-layout":"","ast-site-content-layout":"","site-content-style":"default","site-sidebar-style":"default","ast-global-header-display":"","ast-banner-title-visibility":"","ast-main-header-display":"","ast-hfb-above-header-display":"","ast-hfb-below-header-display":"","ast-hfb-mobile-header-display":"","site-post-title":"","ast-breadcrumbs-content":"","ast-featured-img":"","footer-sml-layout":"","theme-transparent-header-meta":"","adv-header-id-meta":"","stick-header-meta":"","header-above-stick-meta":"","header-main-stick-meta":"","header-below-stick-meta":"","astra-migrate-meta-layouts":"default","ast-page-background-enabled":"default","ast-page-background-meta":{"desktop":{"background-color":"var(--ast-global-color-4)","background-image":"","background-repeat":"repeat","background-position":"center center","background-size":"auto","background-attachment":"scroll","background-type":"","background-media":"","overlay-type":"","overlay-color":"","overlay-opacity":"","overlay-gradient":""},"tablet":{"background-color":"","background-image":"","background-repeat":"repeat","background-position":"center center","background-size":"auto","background-attachment":"scroll","background-type":"","background-media":"","overlay-type":"","overlay-color":"","overlay-opacity":"","overlay-gradient":""},"mobile":{"background-color":"","background-image":"","background-repeat":"repeat","background-position":"center center","background-size":"auto","background-attachment":"scroll","background-type":"","background-media":"","overlay-type":"","overlay-color":"","overlay-opacity":"","overlay-gradient":""}},"ast-content-background-meta":{"desktop":{"background-color":"var(--ast-global-color-5)","background-image":"","background-repeat":"repeat","background-position":"center center","background-size":"auto","background-attachment":"scroll","background-type":"","background-media":"","overlay-type":"","overlay-color":"","overlay-opacity":"","overlay-gradient":""},"tablet":{"background-color":"var(--ast-global-color-5)","background-image":"","background-repeat":"repeat","background-position":"center center","background-size":"auto","background-attachment":"scroll","background-type":"","background-media":"","overlay-type":"","overlay-color":"","overlay-opacity":"","overlay-gradient":""},"mobile":{"background-color":"var(--ast-global-color-5)","background-image":"","background-repeat":"repeat","background-position":"center center","background-size":"auto","background-attachment":"scroll","background-type":"","background-media":"","overlay-type":"","overlay-color":"","overlay-opacity":"","overlay-gradient":""}},"footnotes":""},"categories":[15,69,1,4,5,73],"tags":[],"class_list":["post-1507","post","type-post","status-publish","format-standard","has-post-thumbnail","hentry","category-6ea-promocio-2007","category-6e-b-promocio-2007","category-general","category-portada","category-primaria","category-sortides"],"post_mailing_queue_ids":[],"_links":{"self":[{"href":"https:\/\/agora.xtec.cat\/ceip-peredetera\/wp-json\/wp\/v2\/posts\/1507","targetHints":{"allow":["GET"]}}],"collection":[{"href":"https:\/\/agora.xtec.cat\/ceip-peredetera\/wp-json\/wp\/v2\/posts"}],"about":[{"href":"https:\/\/agora.xtec.cat\/ceip-peredetera\/wp-json\/wp\/v2\/types\/post"}],"author":[{"embeddable":true,"href":"https:\/\/agora.xtec.cat\/ceip-peredetera\/wp-json\/wp\/v2\/users\/4"}],"replies":[{"embeddable":true,"href":"https:\/\/agora.xtec.cat\/ceip-peredetera\/wp-json\/wp\/v2\/comments?post=1507"}],"version-history":[{"count":2,"href":"https:\/\/agora.xtec.cat\/ceip-peredetera\/wp-json\/wp\/v2\/posts\/1507\/revisions"}],"predecessor-version":[{"id":1515,"href":"https:\/\/agora.xtec.cat\/ceip-peredetera\/wp-json\/wp\/v2\/posts\/1507\/revisions\/1515"}],"wp:featuredmedia":[{"embeddable":true,"href":"https:\/\/agora.xtec.cat\/ceip-peredetera\/wp-json\/wp\/v2\/media\/1513"}],"wp:attachment":[{"href":"https:\/\/agora.xtec.cat\/ceip-peredetera\/wp-json\/wp\/v2\/media?parent=1507"}],"wp:term":[{"taxonomy":"category","embeddable":true,"href":"https:\/\/agora.xtec.cat\/ceip-peredetera\/wp-json\/wp\/v2\/categories?post=1507"},{"taxonomy":"post_tag","embeddable":true,"href":"https:\/\/agora.xtec.cat\/ceip-peredetera\/wp-json\/wp\/v2\/tags?post=1507"}],"curies":[{"name":"wp","href":"https:\/\/api.w.org\/{rel}","templated":true}]}}