{"id":3326,"date":"2026-06-18T11:22:36","date_gmt":"2026-06-18T09:22:36","guid":{"rendered":"https:\/\/agora.xtec.cat\/ceip-paucasals-viladecans\/?p=3326"},"modified":"2026-06-18T11:22:51","modified_gmt":"2026-06-18T09:22:51","slug":"%f0%9f%8c%8d%e2%9a%bd-rumb-al-mundial-2026","status":"publish","type":"post","link":"https:\/\/agora.xtec.cat\/ceip-paucasals-viladecans\/general\/%f0%9f%8c%8d%e2%9a%bd-rumb-al-mundial-2026\/","title":{"rendered":"\u00a0\ud83c\udf0d\u26bd Rumb al Mundial 2026!"},"content":{"rendered":"<div>Hi again,<\/div>\n<div>\n<p>&nbsp;<\/p>\n<p>Dimecres passat, 17 de juny de 2026 vam celebrar la Fira del Mundial 2026, el producte final d&#8217;una situaci\u00f3 d&#8217;aprenentatge que ens ha acompanyat durant les darreres setmanes.<\/p>\n<p>Els alumnes de 5\u00e8 han investigat diferents pa\u00efsos participants al Mundial, han elaborat textos explicatius, cartells digitals amb Canva, cromos personalitzats, activitats matem\u00e0tiques relacionades amb la competici\u00f3, reptes esportius i diverses tasques d&#8217;angl\u00e8s vinculades als pa\u00efsos i les seves seleccions.<\/p>\n<p>La culminaci\u00f3 del projecte ha estat una gran fira al gimn\u00e0s de l&#8217;escola, on cada parella ha preparat el seu propi estand per presentar el pa\u00eds treballat.\u00a0 Els alumnes de Prim\u00e0ria han pogut visitar les diferents parades, descobrir curiositats d&#8217;arreu del m\u00f3n, superar petits reptes i aconseguir segells al seu Passaport del Mundial.<\/p>\n<p>Una experi\u00e8ncia que ens ha perm\u00e8s treballar Geografia, Lleng\u00fces, Compet\u00e8ncia Digital, Matem\u00e0tiques, Educaci\u00f3 F\u00edsica i Expressi\u00f3 Oral d&#8217;una manera motivadora, cooperativa i significativa.<\/p>\n<p>Gr\u00e0cies a tots i totes els\/les alumnes i mestres que heu participat i heu fet possible aquesta volta al m\u00f3n sense sortir de l&#8217;escola! <img decoding=\"async\" class=\"an1\" draggable=\"false\" src=\"https:\/\/fonts.gstatic.com\/s\/e\/notoemoji\/17.0\/1f30e\/72.png\" alt=\"\ud83c\udf0e\" data-emoji=\"\ud83c\udf0e\" aria-label=\"\ud83c\udf0e\" \/><img decoding=\"async\" class=\"an1\" draggable=\"false\" src=\"https:\/\/fonts.gstatic.com\/s\/e\/notoemoji\/17.0\/2728\/72.png\" alt=\"\u2728\" data-emoji=\"\u2728\" aria-label=\"\u2728\" \/><\/p>\n<p>See you soon with new news&#8230;<\/p>\n<\/div>\n<div>\n<table style=\"width: 100%; border-collapse: collapse; border-style: hidden; background-color: #9911cf;\">\n<tbody>\n<tr>\n<td style=\"width: 34.7816%;\"><\/td>\n<td style=\"width: 25.368%;\"><div style=\"width: 320px;\" class=\"wp-video\"><!--[if lt IE 9]><script>document.createElement('video');<\/script><![endif]-->\n<video class=\"wp-video-shortcode\" id=\"video-3326-1\" width=\"320\" height=\"568\" preload=\"metadata\" controls=\"controls\"><source type=\"video\/mp4\" src=\"https:\/\/agora.xtec.cat\/ceip-paucasals-viladecans\/wp-content\/uploads\/usu650\/2026\/06\/Video-Mundial.mp4?_=1\" \/><a href=\"https:\/\/agora.xtec.cat\/ceip-paucasals-viladecans\/wp-content\/uploads\/usu650\/2026\/06\/Video-Mundial.mp4\">https:\/\/agora.xtec.cat\/ceip-paucasals-viladecans\/wp-content\/uploads\/usu650\/2026\/06\/Video-Mundial.mp4<\/a><\/video><\/div><\/td>\n<td style=\"width: 39.8503%;\"><\/td>\n<\/tr>\n<\/tbody>\n<\/table>\n<\/div>\n","protected":false},"excerpt":{"rendered":"<p>Hi again,<\/p>\n<p>&nbsp;<br \/>\nDimecres passat, 17 de juny de 2026 vam celebrar la Fira del Mundial 2026, el producte final d&#8217;una situaci\u00f3 d&#8217;aprenentatge que ens ha acompanyat durant les darreres setmanes.<br \/>\nEls alumnes de 5\u00e8 han investigat diferents pa\u00efsos participants al Mundial, han elaborat textos explicatius, cartells digitals&hellip;  <a href=\"https:\/\/agora.xtec.cat\/ceip-paucasals-viladecans\/general\/%f0%9f%8c%8d%e2%9a%bd-rumb-al-mundial-2026\/\" title=\"Read \u00a0\ud83c\udf0d\u26bd Rumb al Mundial 2026!\">Llegeix m\u00e9s\u00bb<\/a><\/p>\n","protected":false},"author":1,"featured_media":0,"comment_status":"open","ping_status":"open","sticky":false,"template":"","format":"standard","meta":{"_bbp_topic_count":0,"_bbp_reply_count":0,"_bbp_total_topic_count":0,"_bbp_total_reply_count":0,"_bbp_voice_count":0,"_bbp_anonymous_reply_count":0,"_bbp_topic_count_hidden":0,"_bbp_reply_count_hidden":0,"_bbp_forum_subforum_count":0,"footnotes":""},"categories":[1],"tags":[],"class_list":["post-3326","post","type-post","status-publish","format-standard","hentry","category-general"],"post_mailing_queue_ids":[],"_links":{"self":[{"href":"https:\/\/agora.xtec.cat\/ceip-paucasals-viladecans\/wp-json\/wp\/v2\/posts\/3326","targetHints":{"allow":["GET"]}}],"collection":[{"href":"https:\/\/agora.xtec.cat\/ceip-paucasals-viladecans\/wp-json\/wp\/v2\/posts"}],"about":[{"href":"https:\/\/agora.xtec.cat\/ceip-paucasals-viladecans\/wp-json\/wp\/v2\/types\/post"}],"author":[{"embeddable":true,"href":"https:\/\/agora.xtec.cat\/ceip-paucasals-viladecans\/wp-json\/wp\/v2\/users\/1"}],"replies":[{"embeddable":true,"href":"https:\/\/agora.xtec.cat\/ceip-paucasals-viladecans\/wp-json\/wp\/v2\/comments?post=3326"}],"version-history":[{"count":1,"href":"https:\/\/agora.xtec.cat\/ceip-paucasals-viladecans\/wp-json\/wp\/v2\/posts\/3326\/revisions"}],"predecessor-version":[{"id":3328,"href":"https:\/\/agora.xtec.cat\/ceip-paucasals-viladecans\/wp-json\/wp\/v2\/posts\/3326\/revisions\/3328"}],"wp:attachment":[{"href":"https:\/\/agora.xtec.cat\/ceip-paucasals-viladecans\/wp-json\/wp\/v2\/media?parent=3326"}],"wp:term":[{"taxonomy":"category","embeddable":true,"href":"https:\/\/agora.xtec.cat\/ceip-paucasals-viladecans\/wp-json\/wp\/v2\/categories?post=3326"},{"taxonomy":"post_tag","embeddable":true,"href":"https:\/\/agora.xtec.cat\/ceip-paucasals-viladecans\/wp-json\/wp\/v2\/tags?post=3326"}],"curies":[{"name":"wp","href":"https:\/\/api.w.org\/{rel}","templated":true}]}}