{"id":23071,"date":"2026-06-08T09:41:04","date_gmt":"2026-06-08T07:41:04","guid":{"rendered":"https:\/\/agora.xtec.cat\/ceip-pau-casals-montmelo\/?p=23071"},"modified":"2026-06-08T09:41:04","modified_gmt":"2026-06-08T07:41:04","slug":"concert-cantania-2026","status":"publish","type":"post","link":"https:\/\/agora.xtec.cat\/ceip-pau-casals-montmelo\/t-grans\/concert-cantania-2026\/","title":{"rendered":"Concert Cant\u00e0nia 2026"},"content":{"rendered":"<p data-start=\"23\" data-end=\"295\">Aquest passat dissabte vam tenir el privilegi de celebrar el concert de la Cant\u00e0nia amb tot l\u2019alumnat de 5\u00e8 de prim\u00e0ria. Despr\u00e9s de mesos de preparaci\u00f3, assajos, esfor\u00e7 i il\u00b7lusi\u00f3, els nens i les nenes van pujar a l\u2019escenari per oferir una actuaci\u00f3 que va ser tot un \u00e8xit.<\/p>\n<p data-start=\"297\" data-end=\"635\">Va ser una experi\u00e8ncia molt especial i emocionant, tant per a l\u2019alumnat com per a les fam\u00edlies i el professorat que els hem acompanyat durant aquest proc\u00e9s. El comprom\u00eds, la const\u00e0ncia i l\u2019entusiasme que han demostrat al llarg de tots aquests mesos es van veure reflectits en una actuaci\u00f3 plena d\u2019energia, sensibilitat i treball en equip.<\/p>\n<p data-start=\"637\" data-end=\"859\">Volem felicitar tots els participants per la seva dedicaci\u00f3 i actitud exemplar, aix\u00ed com agrair a tot el professorat implicat i les fam\u00edlies el vostre suport i acompanyament, imprescindibles perqu\u00e8 projectes tan enriquidors com aquest siguin possibles.<\/p>\n<p data-start=\"861\" data-end=\"1010\">Ens emportem un record inesborrable d\u2019aquesta experi\u00e8ncia compartida, que sens dubte quedar\u00e0 gravada en la mem\u00f2ria de tots els qui hi vam participar.<\/p>\n<p data-start=\"1012\" data-end=\"1062\">Moltes gr\u00e0cies i enhorabona a tot l\u2019alumnat de 5\u00e8!<\/p>\n<p data-start=\"1012\" data-end=\"1062\"><a href=\"https:\/\/agora.xtec.cat\/ceip-pau-casals-montmelo\/wp-content\/uploads\/usu1102\/2026\/06\/IMG-20260607-WA0012.jpg\"><img loading=\"lazy\" decoding=\"async\" class=\"alignnone size-large wp-image-23072\" src=\"https:\/\/agora.xtec.cat\/ceip-pau-casals-montmelo\/wp-content\/uploads\/usu1102\/2026\/06\/IMG-20260607-WA0012-1024x768.jpg\" alt=\"\" width=\"1024\" height=\"768\" srcset=\"https:\/\/agora.xtec.cat\/ceip-pau-casals-montmelo\/wp-content\/uploads\/usu1102\/2026\/06\/IMG-20260607-WA0012-1024x768.jpg 1024w, https:\/\/agora.xtec.cat\/ceip-pau-casals-montmelo\/wp-content\/uploads\/usu1102\/2026\/06\/IMG-20260607-WA0012-300x225.jpg 300w, https:\/\/agora.xtec.cat\/ceip-pau-casals-montmelo\/wp-content\/uploads\/usu1102\/2026\/06\/IMG-20260607-WA0012-768x576.jpg 768w, https:\/\/agora.xtec.cat\/ceip-pau-casals-montmelo\/wp-content\/uploads\/usu1102\/2026\/06\/IMG-20260607-WA0012-1536x1152.jpg 1536w, https:\/\/agora.xtec.cat\/ceip-pau-casals-montmelo\/wp-content\/uploads\/usu1102\/2026\/06\/IMG-20260607-WA0012.jpg 2048w\" sizes=\"auto, (max-width: 1024px) 100vw, 1024px\" \/><\/a><\/p>\n<p data-start=\"1012\" data-end=\"1062\">\n","protected":false},"excerpt":{"rendered":"<p>Aquest passat dissabte vam tenir el privilegi de celebrar el concert de la Cant\u00e0nia amb tot l\u2019alumnat de 5\u00e8 de prim\u00e0ria. Despr\u00e9s de mesos de preparaci\u00f3, assajos, esfor\u00e7 i il\u00b7lusi\u00f3, els nens i les nenes van pujar a l\u2019escenari per oferir una actuaci\u00f3 que va ser tot un \u00e8xit. Va ser una experi\u00e8ncia molt especial [&hellip;]<\/p>\n","protected":false},"author":6,"featured_media":0,"comment_status":"open","ping_status":"open","sticky":false,"template":"","format":"standard","meta":{"_bbp_topic_count":0,"_bbp_reply_count":0,"_bbp_total_topic_count":0,"_bbp_total_reply_count":0,"_bbp_voice_count":0,"_bbp_anonymous_reply_count":0,"_bbp_topic_count_hidden":0,"_bbp_reply_count_hidden":0,"_bbp_forum_subforum_count":0,"site-sidebar-layout":"default","site-content-layout":"","ast-site-content-layout":"default","site-content-style":"default","site-sidebar-style":"default","ast-global-header-display":"","ast-banner-title-visibility":"","ast-main-header-display":"","ast-hfb-above-header-display":"","ast-hfb-below-header-display":"","ast-hfb-mobile-header-display":"","site-post-title":"","ast-breadcrumbs-content":"","ast-featured-img":"","footer-sml-layout":"","theme-transparent-header-meta":"default","adv-header-id-meta":"","stick-header-meta":"","header-above-stick-meta":"","header-main-stick-meta":"","header-below-stick-meta":"","astra-migrate-meta-layouts":"set","ast-page-background-enabled":"default","ast-page-background-meta":{"desktop":{"background-color":"var(--ast-global-color-4)","background-image":"","background-repeat":"repeat","background-position":"center center","background-size":"auto","background-attachment":"scroll","background-type":"","background-media":"","overlay-type":"","overlay-color":"","overlay-opacity":"","overlay-gradient":""},"tablet":{"background-color":"","background-image":"","background-repeat":"repeat","background-position":"center center","background-size":"auto","background-attachment":"scroll","background-type":"","background-media":"","overlay-type":"","overlay-color":"","overlay-opacity":"","overlay-gradient":""},"mobile":{"background-color":"","background-image":"","background-repeat":"repeat","background-position":"center center","background-size":"auto","background-attachment":"scroll","background-type":"","background-media":"","overlay-type":"","overlay-color":"","overlay-opacity":"","overlay-gradient":""}},"ast-content-background-meta":{"desktop":{"background-color":"var(--ast-global-color-5)","background-image":"","background-repeat":"repeat","background-position":"center center","background-size":"auto","background-attachment":"scroll","background-type":"","background-media":"","overlay-type":"","overlay-color":"","overlay-opacity":"","overlay-gradient":""},"tablet":{"background-color":"var(--ast-global-color-5)","background-image":"","background-repeat":"repeat","background-position":"center center","background-size":"auto","background-attachment":"scroll","background-type":"","background-media":"","overlay-type":"","overlay-color":"","overlay-opacity":"","overlay-gradient":""},"mobile":{"background-color":"var(--ast-global-color-5)","background-image":"","background-repeat":"repeat","background-position":"center center","background-size":"auto","background-attachment":"scroll","background-type":"","background-media":"","overlay-type":"","overlay-color":"","overlay-opacity":"","overlay-gradient":""}},"footnotes":""},"categories":[97,38],"tags":[],"class_list":["post-23071","post","type-post","status-publish","format-standard","hentry","category-5e","category-t-grans"],"post_mailing_queue_ids":[],"_links":{"self":[{"href":"https:\/\/agora.xtec.cat\/ceip-pau-casals-montmelo\/wp-json\/wp\/v2\/posts\/23071","targetHints":{"allow":["GET"]}}],"collection":[{"href":"https:\/\/agora.xtec.cat\/ceip-pau-casals-montmelo\/wp-json\/wp\/v2\/posts"}],"about":[{"href":"https:\/\/agora.xtec.cat\/ceip-pau-casals-montmelo\/wp-json\/wp\/v2\/types\/post"}],"author":[{"embeddable":true,"href":"https:\/\/agora.xtec.cat\/ceip-pau-casals-montmelo\/wp-json\/wp\/v2\/users\/6"}],"replies":[{"embeddable":true,"href":"https:\/\/agora.xtec.cat\/ceip-pau-casals-montmelo\/wp-json\/wp\/v2\/comments?post=23071"}],"version-history":[{"count":1,"href":"https:\/\/agora.xtec.cat\/ceip-pau-casals-montmelo\/wp-json\/wp\/v2\/posts\/23071\/revisions"}],"predecessor-version":[{"id":23073,"href":"https:\/\/agora.xtec.cat\/ceip-pau-casals-montmelo\/wp-json\/wp\/v2\/posts\/23071\/revisions\/23073"}],"wp:attachment":[{"href":"https:\/\/agora.xtec.cat\/ceip-pau-casals-montmelo\/wp-json\/wp\/v2\/media?parent=23071"}],"wp:term":[{"taxonomy":"category","embeddable":true,"href":"https:\/\/agora.xtec.cat\/ceip-pau-casals-montmelo\/wp-json\/wp\/v2\/categories?post=23071"},{"taxonomy":"post_tag","embeddable":true,"href":"https:\/\/agora.xtec.cat\/ceip-pau-casals-montmelo\/wp-json\/wp\/v2\/tags?post=23071"}],"curies":[{"name":"wp","href":"https:\/\/api.w.org\/{rel}","templated":true}]}}