{"id":23010,"date":"2026-04-24T18:32:01","date_gmt":"2026-04-24T16:32:01","guid":{"rendered":"https:\/\/agora.xtec.cat\/ceip-pau-casals-montmelo\/?p=23010"},"modified":"2026-04-24T18:35:12","modified_gmt":"2026-04-24T16:35:12","slug":"sant-jordi-al-tram-dels-grans","status":"publish","type":"post","link":"https:\/\/agora.xtec.cat\/ceip-pau-casals-montmelo\/general\/sant-jordi-al-tram-dels-grans\/","title":{"rendered":"Sant Jordi al Tram dels Grans"},"content":{"rendered":"<p>El Tram dels Grans vam celebrar ahir el dia de Sant Jordi de manera especial: jugant, participant en el concurs de lectura en veu alta del tram i als Jocs Florals de l&#8217;escola.<\/p>\n<p>Al mat\u00ed vam fer un <strong>concurs de llengua<\/strong>. Tots els infants de 4t a 6\u00e8 es van barrejar i es van dividir en 5 classes. A cada classe, es van fer 4 grups amb nens i nenes de tots els nivells, que van haver de competir en diversos jocs per guanyar el concurs. Des d&#8217;un Passaparaula tem\u00e0tic, passant per jocs com el Scattergories i el popular Paraul\u00f2gic, van fer \u00fas de la llengua catalana en un entorn dist\u00e8s i amb un objectiu l\u00fadic.<\/p>\n<p>Despr\u00e9s del pati, vam baixar al porxo a fer el <strong>concurs en veu alta<\/strong>. L&#8217;alumnat, la setmana pr\u00e8via, havia d&#8217;escollir un llibre i preparar la lectura d&#8217;un fragment d&#8217;aproximadament 1 minut. A les aules, es va fer la preselecci\u00f3 dels finalistes. Ahir, tothom va baixar amb el seu llibre preparat per llegir. Van sortir els 3 finalistes de cada curs i tots plegats vam gaudir de les lectures.<\/p>\n<p>A la tarda, com ja \u00e9s tradici\u00f3, vam celebrar els <strong>Jocs Florals<\/strong> de l&#8217;escola. L&#8217;alumnat de 4t va presentar els seus cal\u00b7ligrames, els de 5\u00e8 van participar amb poemes i 6\u00e8 va escriure llegendes. Amb el solet, m\u00fasica i tots els companys i companyes d&#8217;I3 fins a 6\u00e8, vam gaudir de les creacions dels guanyadors i guanyadores.<\/p>\n<p>A m\u00e9s a m\u00e9s, al llarg de la setmana, han gaudit d&#8217;<strong>activitats de Sant Jordi dinamitzades per fam\u00edlies de l&#8217;escola<\/strong>. Han estat molt interessants i divertides. A 4t van fer un taller de segells i 6\u00e8 va rebre una xerrada molt enriquidora sobre les biblioteques. Finalment, avui, 5\u00e8 ha apr\u00e8s el proc\u00e9s que hi ha en l&#8217;elaboraci\u00f3 d&#8217;un llibre.<\/p>\n<p>Moltes gr\u00e0cies a totes les fam\u00edlies que ens heu volgut acompanyar!<\/p>\n<p>&nbsp;<\/p>\n<p><a href=\"https:\/\/agora.xtec.cat\/ceip-pau-casals-montmelo\/wp-content\/uploads\/usu1102\/2026\/04\/WhatsApp-Image-2026-04-23-at-13.01.46.jpeg\"><img loading=\"lazy\" decoding=\"async\" class=\"wp-image-23013 aligncenter\" src=\"https:\/\/agora.xtec.cat\/ceip-pau-casals-montmelo\/wp-content\/uploads\/usu1102\/2026\/04\/WhatsApp-Image-2026-04-23-at-13.01.46-1024x768.jpeg\" alt=\"\" width=\"505\" height=\"379\" srcset=\"https:\/\/agora.xtec.cat\/ceip-pau-casals-montmelo\/wp-content\/uploads\/usu1102\/2026\/04\/WhatsApp-Image-2026-04-23-at-13.01.46-1024x768.jpeg 1024w, https:\/\/agora.xtec.cat\/ceip-pau-casals-montmelo\/wp-content\/uploads\/usu1102\/2026\/04\/WhatsApp-Image-2026-04-23-at-13.01.46-300x225.jpeg 300w, https:\/\/agora.xtec.cat\/ceip-pau-casals-montmelo\/wp-content\/uploads\/usu1102\/2026\/04\/WhatsApp-Image-2026-04-23-at-13.01.46-768x576.jpeg 768w, https:\/\/agora.xtec.cat\/ceip-pau-casals-montmelo\/wp-content\/uploads\/usu1102\/2026\/04\/WhatsApp-Image-2026-04-23-at-13.01.46-1536x1152.jpeg 1536w, https:\/\/agora.xtec.cat\/ceip-pau-casals-montmelo\/wp-content\/uploads\/usu1102\/2026\/04\/WhatsApp-Image-2026-04-23-at-13.01.46.jpeg 1600w\" sizes=\"auto, (max-width: 505px) 100vw, 505px\" \/><\/a><\/p>\n","protected":false},"excerpt":{"rendered":"<p>El Tram dels Grans vam celebrar ahir el dia de Sant Jordi de manera especial: jugant, participant en el concurs de lectura en veu alta del tram i als Jocs Florals de l&#8217;escola. Al mat\u00ed vam fer un concurs de llengua. Tots els infants de 4t a 6\u00e8 es van barrejar i es van dividir [&hellip;]<\/p>\n","protected":false},"author":6,"featured_media":23013,"comment_status":"open","ping_status":"open","sticky":false,"template":"","format":"standard","meta":{"_bbp_topic_count":0,"_bbp_reply_count":0,"_bbp_total_topic_count":0,"_bbp_total_reply_count":0,"_bbp_voice_count":0,"_bbp_anonymous_reply_count":0,"_bbp_topic_count_hidden":0,"_bbp_reply_count_hidden":0,"_bbp_forum_subforum_count":0,"site-sidebar-layout":"default","site-content-layout":"","ast-site-content-layout":"default","site-content-style":"default","site-sidebar-style":"default","ast-global-header-display":"","ast-banner-title-visibility":"","ast-main-header-display":"","ast-hfb-above-header-display":"","ast-hfb-below-header-display":"","ast-hfb-mobile-header-display":"","site-post-title":"","ast-breadcrumbs-content":"","ast-featured-img":"","footer-sml-layout":"","theme-transparent-header-meta":"default","adv-header-id-meta":"","stick-header-meta":"","header-above-stick-meta":"","header-main-stick-meta":"","header-below-stick-meta":"","astra-migrate-meta-layouts":"set","ast-page-background-enabled":"default","ast-page-background-meta":{"desktop":{"background-color":"var(--ast-global-color-4)","background-image":"","background-repeat":"repeat","background-position":"center center","background-size":"auto","background-attachment":"scroll","background-type":"","background-media":"","overlay-type":"","overlay-color":"","overlay-opacity":"","overlay-gradient":""},"tablet":{"background-color":"","background-image":"","background-repeat":"repeat","background-position":"center center","background-size":"auto","background-attachment":"scroll","background-type":"","background-media":"","overlay-type":"","overlay-color":"","overlay-opacity":"","overlay-gradient":""},"mobile":{"background-color":"","background-image":"","background-repeat":"repeat","background-position":"center center","background-size":"auto","background-attachment":"scroll","background-type":"","background-media":"","overlay-type":"","overlay-color":"","overlay-opacity":"","overlay-gradient":""}},"ast-content-background-meta":{"desktop":{"background-color":"var(--ast-global-color-5)","background-image":"","background-repeat":"repeat","background-position":"center center","background-size":"auto","background-attachment":"scroll","background-type":"","background-media":"","overlay-type":"","overlay-color":"","overlay-opacity":"","overlay-gradient":""},"tablet":{"background-color":"var(--ast-global-color-5)","background-image":"","background-repeat":"repeat","background-position":"center center","background-size":"auto","background-attachment":"scroll","background-type":"","background-media":"","overlay-type":"","overlay-color":"","overlay-opacity":"","overlay-gradient":""},"mobile":{"background-color":"var(--ast-global-color-5)","background-image":"","background-repeat":"repeat","background-position":"center center","background-size":"auto","background-attachment":"scroll","background-type":"","background-media":"","overlay-type":"","overlay-color":"","overlay-opacity":"","overlay-gradient":""}},"footnotes":""},"categories":[96,97,98,1,38],"tags":[],"class_list":["post-23010","post","type-post","status-publish","format-standard","has-post-thumbnail","hentry","category-4t","category-5e","category-6e","category-general","category-t-grans"],"post_mailing_queue_ids":[],"_links":{"self":[{"href":"https:\/\/agora.xtec.cat\/ceip-pau-casals-montmelo\/wp-json\/wp\/v2\/posts\/23010","targetHints":{"allow":["GET"]}}],"collection":[{"href":"https:\/\/agora.xtec.cat\/ceip-pau-casals-montmelo\/wp-json\/wp\/v2\/posts"}],"about":[{"href":"https:\/\/agora.xtec.cat\/ceip-pau-casals-montmelo\/wp-json\/wp\/v2\/types\/post"}],"author":[{"embeddable":true,"href":"https:\/\/agora.xtec.cat\/ceip-pau-casals-montmelo\/wp-json\/wp\/v2\/users\/6"}],"replies":[{"embeddable":true,"href":"https:\/\/agora.xtec.cat\/ceip-pau-casals-montmelo\/wp-json\/wp\/v2\/comments?post=23010"}],"version-history":[{"count":4,"href":"https:\/\/agora.xtec.cat\/ceip-pau-casals-montmelo\/wp-json\/wp\/v2\/posts\/23010\/revisions"}],"predecessor-version":[{"id":23015,"href":"https:\/\/agora.xtec.cat\/ceip-pau-casals-montmelo\/wp-json\/wp\/v2\/posts\/23010\/revisions\/23015"}],"wp:featuredmedia":[{"embeddable":true,"href":"https:\/\/agora.xtec.cat\/ceip-pau-casals-montmelo\/wp-json\/wp\/v2\/media\/23013"}],"wp:attachment":[{"href":"https:\/\/agora.xtec.cat\/ceip-pau-casals-montmelo\/wp-json\/wp\/v2\/media?parent=23010"}],"wp:term":[{"taxonomy":"category","embeddable":true,"href":"https:\/\/agora.xtec.cat\/ceip-pau-casals-montmelo\/wp-json\/wp\/v2\/categories?post=23010"},{"taxonomy":"post_tag","embeddable":true,"href":"https:\/\/agora.xtec.cat\/ceip-pau-casals-montmelo\/wp-json\/wp\/v2\/tags?post=23010"}],"curies":[{"name":"wp","href":"https:\/\/api.w.org\/{rel}","templated":true}]}}