{"id":22573,"date":"2025-11-05T15:28:05","date_gmt":"2025-11-05T14:28:05","guid":{"rendered":"https:\/\/agora.xtec.cat\/ceip-pau-casals-montmelo\/?p=22573"},"modified":"2025-11-05T15:28:05","modified_gmt":"2025-11-05T14:28:05","slug":"celebrem-la-castanyada-al-tram-dinfantil","status":"publish","type":"post","link":"https:\/\/agora.xtec.cat\/ceip-pau-casals-montmelo\/t-petits\/celebrem-la-castanyada-al-tram-dinfantil\/","title":{"rendered":"Celebrem la Castanyada al tram d\u2019infantil!"},"content":{"rendered":"<p data-start=\"230\" data-end=\"356\">Aquesta setmana hem celebrat la Castanyada al tram d\u2019infantil i hem viscut uns dies molts divertits!<\/p>\n<p data-start=\"358\" data-end=\"610\">Cada nivell ha preparat una recepta de la tardor:<br data-start=\"411\" data-end=\"414\" \/>A I3 hem fet uns deliciosos cargols de pa i xocolata.<\/p>\n<p data-start=\"358\" data-end=\"610\"><a href=\"https:\/\/agora.xtec.cat\/ceip-pau-casals-montmelo\/wp-content\/uploads\/usu1102\/2025\/11\/1762263911075-scaled.jpg\"><img loading=\"lazy\" decoding=\"async\" class=\"alignnone  wp-image-22578\" src=\"https:\/\/agora.xtec.cat\/ceip-pau-casals-montmelo\/wp-content\/uploads\/usu1102\/2025\/11\/1762263911075-771x1024.jpg\" alt=\"\" width=\"330\" height=\"438\" srcset=\"https:\/\/agora.xtec.cat\/ceip-pau-casals-montmelo\/wp-content\/uploads\/usu1102\/2025\/11\/1762263911075-771x1024.jpg 771w, https:\/\/agora.xtec.cat\/ceip-pau-casals-montmelo\/wp-content\/uploads\/usu1102\/2025\/11\/1762263911075-226x300.jpg 226w, https:\/\/agora.xtec.cat\/ceip-pau-casals-montmelo\/wp-content\/uploads\/usu1102\/2025\/11\/1762263911075-768x1020.jpg 768w, https:\/\/agora.xtec.cat\/ceip-pau-casals-montmelo\/wp-content\/uploads\/usu1102\/2025\/11\/1762263911075-1157x1536.jpg 1157w, https:\/\/agora.xtec.cat\/ceip-pau-casals-montmelo\/wp-content\/uploads\/usu1102\/2025\/11\/1762263911075-1542x2048.jpg 1542w, https:\/\/agora.xtec.cat\/ceip-pau-casals-montmelo\/wp-content\/uploads\/usu1102\/2025\/11\/1762263911075-scaled.jpg 1928w\" sizes=\"auto, (max-width: 330px) 100vw, 330px\" \/><\/a><\/p>\n<p data-start=\"358\" data-end=\"610\">A I4 hem preparat uns eri\u00e7ons amb fruita ben originals.<\/p>\n<p data-start=\"358\" data-end=\"610\"><a href=\"https:\/\/agora.xtec.cat\/ceip-pau-casals-montmelo\/wp-content\/uploads\/usu1102\/2025\/11\/IMG_20251031_102803-scaled.jpg\"><img loading=\"lazy\" decoding=\"async\" class=\"alignnone  wp-image-22583\" src=\"https:\/\/agora.xtec.cat\/ceip-pau-casals-montmelo\/wp-content\/uploads\/usu1102\/2025\/11\/IMG_20251031_102803-1024x768.jpg\" alt=\"\" width=\"418\" height=\"314\" srcset=\"https:\/\/agora.xtec.cat\/ceip-pau-casals-montmelo\/wp-content\/uploads\/usu1102\/2025\/11\/IMG_20251031_102803-1024x768.jpg 1024w, https:\/\/agora.xtec.cat\/ceip-pau-casals-montmelo\/wp-content\/uploads\/usu1102\/2025\/11\/IMG_20251031_102803-300x225.jpg 300w, https:\/\/agora.xtec.cat\/ceip-pau-casals-montmelo\/wp-content\/uploads\/usu1102\/2025\/11\/IMG_20251031_102803-768x576.jpg 768w, https:\/\/agora.xtec.cat\/ceip-pau-casals-montmelo\/wp-content\/uploads\/usu1102\/2025\/11\/IMG_20251031_102803-1536x1152.jpg 1536w, https:\/\/agora.xtec.cat\/ceip-pau-casals-montmelo\/wp-content\/uploads\/usu1102\/2025\/11\/IMG_20251031_102803-2048x1536.jpg 2048w\" sizes=\"auto, (max-width: 418px) 100vw, 418px\" \/><\/a><br data-start=\"547\" data-end=\"550\" \/>i\u00a0 a I5 hem elaborat els tradicionals panellets.<\/p>\n<p data-start=\"358\" data-end=\"610\"><a href=\"https:\/\/agora.xtec.cat\/ceip-pau-casals-montmelo\/wp-content\/uploads\/usu1102\/2025\/11\/IMG_20251030_101459-scaled.jpg\"><img loading=\"lazy\" decoding=\"async\" class=\"alignnone  wp-image-22581\" src=\"https:\/\/agora.xtec.cat\/ceip-pau-casals-montmelo\/wp-content\/uploads\/usu1102\/2025\/11\/IMG_20251030_101459-1024x771.jpg\" alt=\"\" width=\"231\" height=\"174\" srcset=\"https:\/\/agora.xtec.cat\/ceip-pau-casals-montmelo\/wp-content\/uploads\/usu1102\/2025\/11\/IMG_20251030_101459-1024x771.jpg 1024w, https:\/\/agora.xtec.cat\/ceip-pau-casals-montmelo\/wp-content\/uploads\/usu1102\/2025\/11\/IMG_20251030_101459-300x226.jpg 300w, https:\/\/agora.xtec.cat\/ceip-pau-casals-montmelo\/wp-content\/uploads\/usu1102\/2025\/11\/IMG_20251030_101459-768x578.jpg 768w, https:\/\/agora.xtec.cat\/ceip-pau-casals-montmelo\/wp-content\/uploads\/usu1102\/2025\/11\/IMG_20251030_101459-1536x1157.jpg 1536w, https:\/\/agora.xtec.cat\/ceip-pau-casals-montmelo\/wp-content\/uploads\/usu1102\/2025\/11\/IMG_20251030_101459-2048x1542.jpg 2048w\" sizes=\"auto, (max-width: 231px) 100vw, 231px\" \/><\/a> \u00a0 \u00a0 \u00a0 \u00a0 \u00a0 \u00a0 \u00a0 \u00a0 \u00a0 \u00a0 \u00a0 \u00a0 \u00a0 \u00a0 \u00a0 \u00a0 \u00a0 \u00a0 \u00a0 <a href=\"https:\/\/agora.xtec.cat\/ceip-pau-casals-montmelo\/wp-content\/uploads\/usu1102\/2025\/11\/IMG_20251030_101510-scaled.jpg\"><img loading=\"lazy\" decoding=\"async\" class=\"alignnone  wp-image-22582\" src=\"https:\/\/agora.xtec.cat\/ceip-pau-casals-montmelo\/wp-content\/uploads\/usu1102\/2025\/11\/IMG_20251030_101510-771x1024.jpg\" alt=\"\" width=\"203\" height=\"270\" srcset=\"https:\/\/agora.xtec.cat\/ceip-pau-casals-montmelo\/wp-content\/uploads\/usu1102\/2025\/11\/IMG_20251030_101510-771x1024.jpg 771w, https:\/\/agora.xtec.cat\/ceip-pau-casals-montmelo\/wp-content\/uploads\/usu1102\/2025\/11\/IMG_20251030_101510-226x300.jpg 226w, https:\/\/agora.xtec.cat\/ceip-pau-casals-montmelo\/wp-content\/uploads\/usu1102\/2025\/11\/IMG_20251030_101510-768x1020.jpg 768w, https:\/\/agora.xtec.cat\/ceip-pau-casals-montmelo\/wp-content\/uploads\/usu1102\/2025\/11\/IMG_20251030_101510-1157x1536.jpg 1157w, https:\/\/agora.xtec.cat\/ceip-pau-casals-montmelo\/wp-content\/uploads\/usu1102\/2025\/11\/IMG_20251030_101510-1542x2048.jpg 1542w, https:\/\/agora.xtec.cat\/ceip-pau-casals-montmelo\/wp-content\/uploads\/usu1102\/2025\/11\/IMG_20251030_101510-scaled.jpg 1928w\" sizes=\"auto, (max-width: 203px) 100vw, 203px\" \/><\/a><\/p>\n<p data-start=\"612\" data-end=\"785\">A cada classe, per preparar el gran dia, hem escoltat i explicat contes de la Castanyada, i les mestres ens han sorpr\u00e8s amb una representaci\u00f3 d\u2019un conte de la tardor.<\/p>\n<p data-start=\"612\" data-end=\"785\"><a href=\"https:\/\/agora.xtec.cat\/ceip-pau-casals-montmelo\/wp-content\/uploads\/usu1102\/2025\/11\/1762352567924-scaled.jpg\"><img loading=\"lazy\" decoding=\"async\" class=\"wp-image-22584 aligncenter\" src=\"https:\/\/agora.xtec.cat\/ceip-pau-casals-montmelo\/wp-content\/uploads\/usu1102\/2025\/11\/1762352567924-1024x771.jpg\" alt=\"\" width=\"549\" height=\"414\" srcset=\"https:\/\/agora.xtec.cat\/ceip-pau-casals-montmelo\/wp-content\/uploads\/usu1102\/2025\/11\/1762352567924-1024x771.jpg 1024w, https:\/\/agora.xtec.cat\/ceip-pau-casals-montmelo\/wp-content\/uploads\/usu1102\/2025\/11\/1762352567924-300x226.jpg 300w, https:\/\/agora.xtec.cat\/ceip-pau-casals-montmelo\/wp-content\/uploads\/usu1102\/2025\/11\/1762352567924-768x578.jpg 768w, https:\/\/agora.xtec.cat\/ceip-pau-casals-montmelo\/wp-content\/uploads\/usu1102\/2025\/11\/1762352567924-1536x1157.jpg 1536w, https:\/\/agora.xtec.cat\/ceip-pau-casals-montmelo\/wp-content\/uploads\/usu1102\/2025\/11\/1762352567924-2048x1542.jpg 2048w\" sizes=\"auto, (max-width: 549px) 100vw, 549px\" \/><\/a><\/p>\n<p data-start=\"787\" data-end=\"990\">Tamb\u00e9 hem fet una manualitat molt especial: un cistell en forma de castanya. Per fer-la, ens vam barrejar els tres nivells, i aix\u00ed vam poder con\u00e8ixer-nos una mica m\u00e9s i compartir una bona estona de creativitat i bona companyia.<\/p>\n<p data-start=\"787\" data-end=\"990\"><a href=\"https:\/\/agora.xtec.cat\/ceip-pau-casals-montmelo\/wp-content\/uploads\/usu1102\/2025\/11\/17623525956191-scaled.jpg\"><img loading=\"lazy\" decoding=\"async\" class=\"wp-image-22585 aligncenter\" src=\"https:\/\/agora.xtec.cat\/ceip-pau-casals-montmelo\/wp-content\/uploads\/usu1102\/2025\/11\/17623525956191-1024x771.jpg\" alt=\"\" width=\"477\" height=\"359\" srcset=\"https:\/\/agora.xtec.cat\/ceip-pau-casals-montmelo\/wp-content\/uploads\/usu1102\/2025\/11\/17623525956191-1024x771.jpg 1024w, https:\/\/agora.xtec.cat\/ceip-pau-casals-montmelo\/wp-content\/uploads\/usu1102\/2025\/11\/17623525956191-300x226.jpg 300w, https:\/\/agora.xtec.cat\/ceip-pau-casals-montmelo\/wp-content\/uploads\/usu1102\/2025\/11\/17623525956191-768x578.jpg 768w, https:\/\/agora.xtec.cat\/ceip-pau-casals-montmelo\/wp-content\/uploads\/usu1102\/2025\/11\/17623525956191-1536x1157.jpg 1536w, https:\/\/agora.xtec.cat\/ceip-pau-casals-montmelo\/wp-content\/uploads\/usu1102\/2025\/11\/17623525956191-2048x1542.jpg 2048w\" sizes=\"auto, (max-width: 477px) 100vw, 477px\" \/><\/a><\/p>\n<p data-start=\"787\" data-end=\"990\">El dia 31 de novembre a la tarda ens han visitat les castanyeres i els fogoners! Els hem ensenyat les danses de la Castanyada que hav\u00edem practicat a les classes de m\u00fasica, i hem ballat tots plegats amb molta il\u00b7lusi\u00f3. Per acabar hem menjat castanyes tots junts.<\/p>\n<p data-start=\"1236\" data-end=\"1450\">I per acabar-ho d\u2019arrodonir, hem muntat una paradeta de la tardor, on hem jugat a vendre i comprar fruits d\u2019aquesta \u00e8poca: castanyes, moniatos, pomes, mandarines&#8230; Ens ho hem passat d\u2019all\u00f2 m\u00e9s b\u00e9!<\/p>\n<p data-start=\"1236\" data-end=\"1450\"><a href=\"https:\/\/agora.xtec.cat\/ceip-pau-casals-montmelo\/wp-content\/uploads\/usu1102\/2025\/11\/1762351631108-scaled.jpg\"><img loading=\"lazy\" decoding=\"async\" class=\"alignnone size-large wp-image-22580\" src=\"https:\/\/agora.xtec.cat\/ceip-pau-casals-montmelo\/wp-content\/uploads\/usu1102\/2025\/11\/1762351631108-1024x771.jpg\" alt=\"\" width=\"1024\" height=\"771\" srcset=\"https:\/\/agora.xtec.cat\/ceip-pau-casals-montmelo\/wp-content\/uploads\/usu1102\/2025\/11\/1762351631108-1024x771.jpg 1024w, https:\/\/agora.xtec.cat\/ceip-pau-casals-montmelo\/wp-content\/uploads\/usu1102\/2025\/11\/1762351631108-300x226.jpg 300w, https:\/\/agora.xtec.cat\/ceip-pau-casals-montmelo\/wp-content\/uploads\/usu1102\/2025\/11\/1762351631108-768x578.jpg 768w, https:\/\/agora.xtec.cat\/ceip-pau-casals-montmelo\/wp-content\/uploads\/usu1102\/2025\/11\/1762351631108-1536x1157.jpg 1536w, https:\/\/agora.xtec.cat\/ceip-pau-casals-montmelo\/wp-content\/uploads\/usu1102\/2025\/11\/1762351631108-2048x1542.jpg 2048w\" sizes=\"auto, (max-width: 1024px) 100vw, 1024px\" \/><\/a><\/p>\n","protected":false},"excerpt":{"rendered":"<p>Aquesta setmana hem celebrat la Castanyada al tram d\u2019infantil i hem viscut uns dies molts divertits! Cada nivell ha preparat una recepta de la tardor:A I3 hem fet uns deliciosos cargols de pa i xocolata. A I4 hem preparat uns eri\u00e7ons amb fruita ben originals. i\u00a0 a I5 hem elaborat els tradicionals panellets. \u00a0 \u00a0 [&hellip;]<\/p>\n","protected":false},"author":4,"featured_media":22586,"comment_status":"open","ping_status":"open","sticky":false,"template":"","format":"standard","meta":{"_bbp_topic_count":0,"_bbp_reply_count":0,"_bbp_total_topic_count":0,"_bbp_total_reply_count":0,"_bbp_voice_count":0,"_bbp_anonymous_reply_count":0,"_bbp_topic_count_hidden":0,"_bbp_reply_count_hidden":0,"_bbp_forum_subforum_count":0,"site-sidebar-layout":"default","site-content-layout":"","ast-site-content-layout":"default","site-content-style":"default","site-sidebar-style":"default","ast-global-header-display":"","ast-banner-title-visibility":"","ast-main-header-display":"","ast-hfb-above-header-display":"","ast-hfb-below-header-display":"","ast-hfb-mobile-header-display":"","site-post-title":"","ast-breadcrumbs-content":"","ast-featured-img":"","footer-sml-layout":"","theme-transparent-header-meta":"default","adv-header-id-meta":"","stick-header-meta":"","header-above-stick-meta":"","header-main-stick-meta":"","header-below-stick-meta":"","astra-migrate-meta-layouts":"set","ast-page-background-enabled":"default","ast-page-background-meta":{"desktop":{"background-color":"var(--ast-global-color-4)","background-image":"","background-repeat":"repeat","background-position":"center center","background-size":"auto","background-attachment":"scroll","background-type":"","background-media":"","overlay-type":"","overlay-color":"","overlay-opacity":"","overlay-gradient":""},"tablet":{"background-color":"","background-image":"","background-repeat":"repeat","background-position":"center center","background-size":"auto","background-attachment":"scroll","background-type":"","background-media":"","overlay-type":"","overlay-color":"","overlay-opacity":"","overlay-gradient":""},"mobile":{"background-color":"","background-image":"","background-repeat":"repeat","background-position":"center center","background-size":"auto","background-attachment":"scroll","background-type":"","background-media":"","overlay-type":"","overlay-color":"","overlay-opacity":"","overlay-gradient":""}},"ast-content-background-meta":{"desktop":{"background-color":"var(--ast-global-color-5)","background-image":"","background-repeat":"repeat","background-position":"center center","background-size":"auto","background-attachment":"scroll","background-type":"","background-media":"","overlay-type":"","overlay-color":"","overlay-opacity":"","overlay-gradient":""},"tablet":{"background-color":"var(--ast-global-color-5)","background-image":"","background-repeat":"repeat","background-position":"center center","background-size":"auto","background-attachment":"scroll","background-type":"","background-media":"","overlay-type":"","overlay-color":"","overlay-opacity":"","overlay-gradient":""},"mobile":{"background-color":"var(--ast-global-color-5)","background-image":"","background-repeat":"repeat","background-position":"center center","background-size":"auto","background-attachment":"scroll","background-type":"","background-media":"","overlay-type":"","overlay-color":"","overlay-opacity":"","overlay-gradient":""}},"footnotes":""},"categories":[90,91,92,39],"tags":[],"class_list":["post-22573","post","type-post","status-publish","format-standard","has-post-thumbnail","hentry","category-p3","category-p4","category-p5","category-t-petits"],"post_mailing_queue_ids":[],"_links":{"self":[{"href":"https:\/\/agora.xtec.cat\/ceip-pau-casals-montmelo\/wp-json\/wp\/v2\/posts\/22573","targetHints":{"allow":["GET"]}}],"collection":[{"href":"https:\/\/agora.xtec.cat\/ceip-pau-casals-montmelo\/wp-json\/wp\/v2\/posts"}],"about":[{"href":"https:\/\/agora.xtec.cat\/ceip-pau-casals-montmelo\/wp-json\/wp\/v2\/types\/post"}],"author":[{"embeddable":true,"href":"https:\/\/agora.xtec.cat\/ceip-pau-casals-montmelo\/wp-json\/wp\/v2\/users\/4"}],"replies":[{"embeddable":true,"href":"https:\/\/agora.xtec.cat\/ceip-pau-casals-montmelo\/wp-json\/wp\/v2\/comments?post=22573"}],"version-history":[{"count":2,"href":"https:\/\/agora.xtec.cat\/ceip-pau-casals-montmelo\/wp-json\/wp\/v2\/posts\/22573\/revisions"}],"predecessor-version":[{"id":22587,"href":"https:\/\/agora.xtec.cat\/ceip-pau-casals-montmelo\/wp-json\/wp\/v2\/posts\/22573\/revisions\/22587"}],"wp:featuredmedia":[{"embeddable":true,"href":"https:\/\/agora.xtec.cat\/ceip-pau-casals-montmelo\/wp-json\/wp\/v2\/media\/22586"}],"wp:attachment":[{"href":"https:\/\/agora.xtec.cat\/ceip-pau-casals-montmelo\/wp-json\/wp\/v2\/media?parent=22573"}],"wp:term":[{"taxonomy":"category","embeddable":true,"href":"https:\/\/agora.xtec.cat\/ceip-pau-casals-montmelo\/wp-json\/wp\/v2\/categories?post=22573"},{"taxonomy":"post_tag","embeddable":true,"href":"https:\/\/agora.xtec.cat\/ceip-pau-casals-montmelo\/wp-json\/wp\/v2\/tags?post=22573"}],"curies":[{"name":"wp","href":"https:\/\/api.w.org\/{rel}","templated":true}]}}