{"id":3681,"date":"2026-04-24T16:11:47","date_gmt":"2026-04-24T14:11:47","guid":{"rendered":"https:\/\/agora.xtec.cat\/ceip-onzedesetembre\/?p=3681"},"modified":"2026-04-24T16:11:47","modified_gmt":"2026-04-24T14:11:47","slug":"premis-sant-jordi-2026","status":"publish","type":"post","link":"https:\/\/agora.xtec.cat\/ceip-onzedesetembre\/general\/premis-sant-jordi-2026\/","title":{"rendered":"PREMIS SANT JORDI 2026"},"content":{"rendered":"<p style=\"text-align: center;\">El 23 d&#8217;abril vam celebrar la Diada de Sant Jordi.<\/p>\n<p style=\"text-align: center;\">Durant la jornada, l&#8217;alumnat\u00a0 ha participat en diferents activitats i un any m\u00e9s s&#8217;han donat els Premis Sant Jordi. Ha estat una oportunitat magn\u00edfica per fomentar la creativitat, l&#8217;expressi\u00f3 escrita i l&#8217;amor per la literatura, valors que formen part essencial del nostre projecte educatiu.<\/p>\n<p style=\"text-align: center;\">Volem felicitar a tots \u00a0els\/les\u00a0 participants per la seva implicaci\u00f3, treball i esfor\u00e7 i, especialment, els\/les\u00a0 finalistes i els\/les guanyadors\/es.<\/p>\n<p style=\"text-align: center;\">\u00a0 \u00a0 \u00a0 \u00a0<a href=\"https:\/\/agora.xtec.cat\/ceip-onzedesetembre\/wp-content\/uploads\/usu702\/2026\/04\/guanyadors-primaria-scaled.jpg\"><img loading=\"lazy\" decoding=\"async\" class=\"wp-image-3680 alignleft\" src=\"https:\/\/agora.xtec.cat\/ceip-onzedesetembre\/wp-content\/uploads\/usu702\/2026\/04\/guanyadors-primaria-1024x768.jpg\" alt=\"\" width=\"415\" height=\"312\" srcset=\"https:\/\/agora.xtec.cat\/ceip-onzedesetembre\/wp-content\/uploads\/usu702\/2026\/04\/guanyadors-primaria-1024x768.jpg 1024w, https:\/\/agora.xtec.cat\/ceip-onzedesetembre\/wp-content\/uploads\/usu702\/2026\/04\/guanyadors-primaria-300x225.jpg 300w, https:\/\/agora.xtec.cat\/ceip-onzedesetembre\/wp-content\/uploads\/usu702\/2026\/04\/guanyadors-primaria-768x576.jpg 768w, https:\/\/agora.xtec.cat\/ceip-onzedesetembre\/wp-content\/uploads\/usu702\/2026\/04\/guanyadors-primaria-1536x1152.jpg 1536w, https:\/\/agora.xtec.cat\/ceip-onzedesetembre\/wp-content\/uploads\/usu702\/2026\/04\/guanyadors-primaria-2048x1536.jpg 2048w, https:\/\/agora.xtec.cat\/ceip-onzedesetembre\/wp-content\/uploads\/usu702\/2026\/04\/guanyadors-primaria-200x150.jpg 200w\" sizes=\"auto, (max-width: 415px) 100vw, 415px\" \/><\/a> \u00a0 \u00a0\u00a0 \u00a0\u00a0 \u00a0\u00a0 \u00a0 <a href=\"https:\/\/agora.xtec.cat\/ceip-onzedesetembre\/wp-content\/uploads\/usu702\/2026\/04\/IMG-20260423-WA0028.jpg\"><img loading=\"lazy\" decoding=\"async\" class=\"wp-image-3679 alignright\" src=\"https:\/\/agora.xtec.cat\/ceip-onzedesetembre\/wp-content\/uploads\/usu702\/2026\/04\/IMG-20260423-WA0028-1024x771.jpg\" alt=\"\" width=\"417\" height=\"314\" srcset=\"https:\/\/agora.xtec.cat\/ceip-onzedesetembre\/wp-content\/uploads\/usu702\/2026\/04\/IMG-20260423-WA0028-1024x771.jpg 1024w, https:\/\/agora.xtec.cat\/ceip-onzedesetembre\/wp-content\/uploads\/usu702\/2026\/04\/IMG-20260423-WA0028-300x226.jpg 300w, https:\/\/agora.xtec.cat\/ceip-onzedesetembre\/wp-content\/uploads\/usu702\/2026\/04\/IMG-20260423-WA0028-768x578.jpg 768w, https:\/\/agora.xtec.cat\/ceip-onzedesetembre\/wp-content\/uploads\/usu702\/2026\/04\/IMG-20260423-WA0028-1536x1157.jpg 1536w, https:\/\/agora.xtec.cat\/ceip-onzedesetembre\/wp-content\/uploads\/usu702\/2026\/04\/IMG-20260423-WA0028-200x150.jpg 200w, https:\/\/agora.xtec.cat\/ceip-onzedesetembre\/wp-content\/uploads\/usu702\/2026\/04\/IMG-20260423-WA0028.jpg 2040w\" sizes=\"auto, (max-width: 417px) 100vw, 417px\" \/><\/a><\/p>\n","protected":false},"excerpt":{"rendered":"<p>El 23 d&#8217;abril vam celebrar la Diada de Sant Jordi.<br \/>\nDurant la jornada, l&#8217;alumnat\u00a0 ha participat en diferents activitats i un any m\u00e9s s&#8217;han donat els Premis Sant Jordi. Ha estat una oportunitat magn\u00edfica per fomentar la creativitat, l&#8217;expressi\u00f3 escrita i l&#8217;amor per la literatura, valors&hellip;  <a href=\"https:\/\/agora.xtec.cat\/ceip-onzedesetembre\/general\/premis-sant-jordi-2026\/\" title=\"Read PREMIS SANT JORDI 2026\">Llegeix m\u00e9s\u00bb<\/a><\/p>\n","protected":false},"author":5,"featured_media":0,"comment_status":"closed","ping_status":"closed","sticky":true,"template":"","format":"standard","meta":{"_bbp_topic_count":0,"_bbp_reply_count":0,"_bbp_total_topic_count":0,"_bbp_total_reply_count":0,"_bbp_voice_count":0,"_bbp_anonymous_reply_count":0,"_bbp_topic_count_hidden":0,"_bbp_reply_count_hidden":0,"_bbp_forum_subforum_count":0,"footnotes":""},"categories":[7,1,2,4,5,49],"tags":[],"class_list":["post-3681","post","type-post","status-publish","format-standard","hentry","category-ampa","category-general","category-infantil","category-portada","category-primaria","category-secundaria"],"post_mailing_queue_ids":[],"_links":{"self":[{"href":"https:\/\/agora.xtec.cat\/ceip-onzedesetembre\/wp-json\/wp\/v2\/posts\/3681","targetHints":{"allow":["GET"]}}],"collection":[{"href":"https:\/\/agora.xtec.cat\/ceip-onzedesetembre\/wp-json\/wp\/v2\/posts"}],"about":[{"href":"https:\/\/agora.xtec.cat\/ceip-onzedesetembre\/wp-json\/wp\/v2\/types\/post"}],"author":[{"embeddable":true,"href":"https:\/\/agora.xtec.cat\/ceip-onzedesetembre\/wp-json\/wp\/v2\/users\/5"}],"replies":[{"embeddable":true,"href":"https:\/\/agora.xtec.cat\/ceip-onzedesetembre\/wp-json\/wp\/v2\/comments?post=3681"}],"version-history":[{"count":1,"href":"https:\/\/agora.xtec.cat\/ceip-onzedesetembre\/wp-json\/wp\/v2\/posts\/3681\/revisions"}],"predecessor-version":[{"id":3682,"href":"https:\/\/agora.xtec.cat\/ceip-onzedesetembre\/wp-json\/wp\/v2\/posts\/3681\/revisions\/3682"}],"wp:attachment":[{"href":"https:\/\/agora.xtec.cat\/ceip-onzedesetembre\/wp-json\/wp\/v2\/media?parent=3681"}],"wp:term":[{"taxonomy":"category","embeddable":true,"href":"https:\/\/agora.xtec.cat\/ceip-onzedesetembre\/wp-json\/wp\/v2\/categories?post=3681"},{"taxonomy":"post_tag","embeddable":true,"href":"https:\/\/agora.xtec.cat\/ceip-onzedesetembre\/wp-json\/wp\/v2\/tags?post=3681"}],"curies":[{"name":"wp","href":"https:\/\/api.w.org\/{rel}","templated":true}]}}