{"id":3661,"date":"2026-04-15T12:20:14","date_gmt":"2026-04-15T10:20:14","guid":{"rendered":"https:\/\/agora.xtec.cat\/ceip-onzedesetembre\/?p=3661"},"modified":"2026-04-15T12:21:14","modified_gmt":"2026-04-15T10:21:14","slug":"colonies-de-3r-4t-i-5e","status":"publish","type":"post","link":"https:\/\/agora.xtec.cat\/ceip-onzedesetembre\/general\/colonies-de-3r-4t-i-5e\/","title":{"rendered":"COL\u00d2NIES DE 3r, 4t i 5\u00e8"},"content":{"rendered":"<p style=\"text-align: center;\">Estimades fam\u00edlies, us informem que l&#8217;alumnat de 3r, 4t i 5\u00e8 ja ha arribat a la casa de col\u00f2nies. El viatge ha anat molt b\u00e9 i ja estan instal\u00b7lats, amb moltes ganes de comen\u00e7ar.<\/p>\n<p style=\"text-align: center;\">Ara mateix ja estan participant en les primeres activitats, gaudint de l&#8217;entorn i compartint moments amb els seus companys\/es, mestres i monitors\/es.<\/p>\n<p style=\"text-align: center;\"><a href=\"https:\/\/agora.xtec.cat\/ceip-onzedesetembre\/wp-content\/uploads\/usu702\/2026\/04\/IMG-20260415-WA0012.jpg\"><img loading=\"lazy\" decoding=\"async\" class=\"alignnone size-large wp-image-3660\" src=\"https:\/\/agora.xtec.cat\/ceip-onzedesetembre\/wp-content\/uploads\/usu702\/2026\/04\/IMG-20260415-WA0012-768x1024.jpg\" alt=\"\" width=\"768\" height=\"1024\" srcset=\"https:\/\/agora.xtec.cat\/ceip-onzedesetembre\/wp-content\/uploads\/usu702\/2026\/04\/IMG-20260415-WA0012-768x1024.jpg 768w, https:\/\/agora.xtec.cat\/ceip-onzedesetembre\/wp-content\/uploads\/usu702\/2026\/04\/IMG-20260415-WA0012-225x300.jpg 225w, https:\/\/agora.xtec.cat\/ceip-onzedesetembre\/wp-content\/uploads\/usu702\/2026\/04\/IMG-20260415-WA0012-1152x1536.jpg 1152w, https:\/\/agora.xtec.cat\/ceip-onzedesetembre\/wp-content\/uploads\/usu702\/2026\/04\/IMG-20260415-WA0012.jpg 1200w\" sizes=\"auto, (max-width: 768px) 100vw, 768px\" \/><\/a><\/p>\n","protected":false},"excerpt":{"rendered":"<p>Estimades fam\u00edlies, us informem que l&#8217;alumnat de 3r, 4t i 5\u00e8 ja ha arribat a la casa de col\u00f2nies. El viatge ha anat molt b\u00e9 i ja estan instal\u00b7lats, amb moltes ganes de comen\u00e7ar.<br \/>\nAra mateix ja estan participant en les primeres activitats, gaudint de l&#8217;entorn&hellip;  <a href=\"https:\/\/agora.xtec.cat\/ceip-onzedesetembre\/general\/colonies-de-3r-4t-i-5e\/\" title=\"Read COL\u00d2NIES DE 3r, 4t i 5\u00e8\">Llegeix m\u00e9s\u00bb<\/a><\/p>\n","protected":false},"author":5,"featured_media":0,"comment_status":"closed","ping_status":"closed","sticky":true,"template":"","format":"standard","meta":{"_bbp_topic_count":0,"_bbp_reply_count":0,"_bbp_total_topic_count":0,"_bbp_total_reply_count":0,"_bbp_voice_count":0,"_bbp_anonymous_reply_count":0,"_bbp_topic_count_hidden":0,"_bbp_reply_count_hidden":0,"_bbp_forum_subforum_count":0,"footnotes":""},"categories":[7,1,2,4,5,49],"tags":[],"class_list":["post-3661","post","type-post","status-publish","format-standard","hentry","category-ampa","category-general","category-infantil","category-portada","category-primaria","category-secundaria"],"post_mailing_queue_ids":[],"_links":{"self":[{"href":"https:\/\/agora.xtec.cat\/ceip-onzedesetembre\/wp-json\/wp\/v2\/posts\/3661","targetHints":{"allow":["GET"]}}],"collection":[{"href":"https:\/\/agora.xtec.cat\/ceip-onzedesetembre\/wp-json\/wp\/v2\/posts"}],"about":[{"href":"https:\/\/agora.xtec.cat\/ceip-onzedesetembre\/wp-json\/wp\/v2\/types\/post"}],"author":[{"embeddable":true,"href":"https:\/\/agora.xtec.cat\/ceip-onzedesetembre\/wp-json\/wp\/v2\/users\/5"}],"replies":[{"embeddable":true,"href":"https:\/\/agora.xtec.cat\/ceip-onzedesetembre\/wp-json\/wp\/v2\/comments?post=3661"}],"version-history":[{"count":1,"href":"https:\/\/agora.xtec.cat\/ceip-onzedesetembre\/wp-json\/wp\/v2\/posts\/3661\/revisions"}],"predecessor-version":[{"id":3662,"href":"https:\/\/agora.xtec.cat\/ceip-onzedesetembre\/wp-json\/wp\/v2\/posts\/3661\/revisions\/3662"}],"wp:attachment":[{"href":"https:\/\/agora.xtec.cat\/ceip-onzedesetembre\/wp-json\/wp\/v2\/media?parent=3661"}],"wp:term":[{"taxonomy":"category","embeddable":true,"href":"https:\/\/agora.xtec.cat\/ceip-onzedesetembre\/wp-json\/wp\/v2\/categories?post=3661"},{"taxonomy":"post_tag","embeddable":true,"href":"https:\/\/agora.xtec.cat\/ceip-onzedesetembre\/wp-json\/wp\/v2\/tags?post=3661"}],"curies":[{"name":"wp","href":"https:\/\/api.w.org\/{rel}","templated":true}]}}