{"id":3647,"date":"2026-03-30T18:25:09","date_gmt":"2026-03-30T16:25:09","guid":{"rendered":"https:\/\/agora.xtec.cat\/ceip-onzedesetembre\/?p=3647"},"modified":"2026-04-20T18:23:41","modified_gmt":"2026-04-20T16:23:41","slug":"english-day-2026","status":"publish","type":"post","link":"https:\/\/agora.xtec.cat\/ceip-onzedesetembre\/general\/english-day-2026\/","title":{"rendered":"English Day 2026"},"content":{"rendered":"<p><a href=\"https:\/\/agora.xtec.cat\/ceip-onzedesetembre\/wp-content\/uploads\/usu702\/2026\/03\/English-Day-26-THIS-IS-AFRICA-POSTER-Presentation-43.jpg\"><img loading=\"lazy\" decoding=\"async\" class=\"aligncenter size-full wp-image-3648\" src=\"https:\/\/agora.xtec.cat\/ceip-onzedesetembre\/wp-content\/uploads\/usu702\/2026\/03\/English-Day-26-THIS-IS-AFRICA-POSTER-Presentation-43.jpg\" alt=\"\" width=\"1024\" height=\"768\" srcset=\"https:\/\/agora.xtec.cat\/ceip-onzedesetembre\/wp-content\/uploads\/usu702\/2026\/03\/English-Day-26-THIS-IS-AFRICA-POSTER-Presentation-43.jpg 1024w, https:\/\/agora.xtec.cat\/ceip-onzedesetembre\/wp-content\/uploads\/usu702\/2026\/03\/English-Day-26-THIS-IS-AFRICA-POSTER-Presentation-43-300x225.jpg 300w, https:\/\/agora.xtec.cat\/ceip-onzedesetembre\/wp-content\/uploads\/usu702\/2026\/03\/English-Day-26-THIS-IS-AFRICA-POSTER-Presentation-43-768x576.jpg 768w, https:\/\/agora.xtec.cat\/ceip-onzedesetembre\/wp-content\/uploads\/usu702\/2026\/03\/English-Day-26-THIS-IS-AFRICA-POSTER-Presentation-43-200x150.jpg 200w\" sizes=\"auto, (max-width: 1024px) 100vw, 1024px\" \/><\/a><\/p>\n<p>Divendres 27 de mar\u00e7, l\u2019alumnat de l\u2019Institut Escola Onze de Setembre va celebrar l\u2019English Day, una jornada dedicada a la llengua anglesa en qu\u00e8 tots els grups van participar en activitats adaptades als diferents nivells. Enguany, el centre d\u2019inter\u00e8s ha estat \u00c0frica, centrant-se en els pa\u00efsos on l\u2019angl\u00e8s \u00e9s llengua oficial, fet que ha perm\u00e8s treballar la llengua des d\u2019una perspectiva cultural i global. Al llarg de les darreres setmanes, els alumnes han treballat aquest tema a l\u2019aula i la jornada ha servit per posar en pr\u00e0ctica els aprenentatges de manera vivencial. Us deixem una mostra dels treballs realitzats.<\/p>\n<p><a href=\"https:\/\/agora.xtec.cat\/ceip-onzedesetembre\/videos-del-curs-actual\/\">ENGLISH DAY 2026 (SHOW)<\/a><\/p>\n<p><a href=\"https:\/\/agora.xtec.cat\/ceip-onzedesetembre\/videos-del-curs-actual\/\">ENGLISH DAY 2026 (BALL DE CLOENDA)<\/a><\/p>\n","protected":false},"excerpt":{"rendered":"<p><a href=\"https:\/\/agora.xtec.cat\/ceip-onzedesetembre\/wp-content\/uploads\/usu702\/2026\/03\/English-Day-26-THIS-IS-AFRICA-POSTER-Presentation-43.jpg\"><\/a><br \/>\nDivendres 27 de mar\u00e7, l\u2019alumnat de l\u2019Institut Escola Onze de Setembre va celebrar l\u2019English Day, una jornada dedicada a la llengua anglesa en qu\u00e8 tots els grups van participar en activitats adaptades als diferents nivells. Enguany, el centre d\u2019inter\u00e8s ha estat \u00c0frica, centrant-se en&hellip;  <a href=\"https:\/\/agora.xtec.cat\/ceip-onzedesetembre\/general\/english-day-2026\/\" title=\"Read English Day 2026\">Llegeix m\u00e9s\u00bb<\/a><\/p>\n","protected":false},"author":3,"featured_media":0,"comment_status":"closed","ping_status":"open","sticky":true,"template":"","format":"standard","meta":{"_bbp_topic_count":0,"_bbp_reply_count":0,"_bbp_total_topic_count":0,"_bbp_total_reply_count":0,"_bbp_voice_count":0,"_bbp_anonymous_reply_count":0,"_bbp_topic_count_hidden":0,"_bbp_reply_count_hidden":0,"_bbp_forum_subforum_count":0,"footnotes":""},"categories":[7,1,2,4,5,49],"tags":[],"class_list":["post-3647","post","type-post","status-publish","format-standard","hentry","category-ampa","category-general","category-infantil","category-portada","category-primaria","category-secundaria"],"post_mailing_queue_ids":[],"_links":{"self":[{"href":"https:\/\/agora.xtec.cat\/ceip-onzedesetembre\/wp-json\/wp\/v2\/posts\/3647","targetHints":{"allow":["GET"]}}],"collection":[{"href":"https:\/\/agora.xtec.cat\/ceip-onzedesetembre\/wp-json\/wp\/v2\/posts"}],"about":[{"href":"https:\/\/agora.xtec.cat\/ceip-onzedesetembre\/wp-json\/wp\/v2\/types\/post"}],"author":[{"embeddable":true,"href":"https:\/\/agora.xtec.cat\/ceip-onzedesetembre\/wp-json\/wp\/v2\/users\/3"}],"replies":[{"embeddable":true,"href":"https:\/\/agora.xtec.cat\/ceip-onzedesetembre\/wp-json\/wp\/v2\/comments?post=3647"}],"version-history":[{"count":3,"href":"https:\/\/agora.xtec.cat\/ceip-onzedesetembre\/wp-json\/wp\/v2\/posts\/3647\/revisions"}],"predecessor-version":[{"id":3664,"href":"https:\/\/agora.xtec.cat\/ceip-onzedesetembre\/wp-json\/wp\/v2\/posts\/3647\/revisions\/3664"}],"wp:attachment":[{"href":"https:\/\/agora.xtec.cat\/ceip-onzedesetembre\/wp-json\/wp\/v2\/media?parent=3647"}],"wp:term":[{"taxonomy":"category","embeddable":true,"href":"https:\/\/agora.xtec.cat\/ceip-onzedesetembre\/wp-json\/wp\/v2\/categories?post=3647"},{"taxonomy":"post_tag","embeddable":true,"href":"https:\/\/agora.xtec.cat\/ceip-onzedesetembre\/wp-json\/wp\/v2\/tags?post=3647"}],"curies":[{"name":"wp","href":"https:\/\/api.w.org\/{rel}","templated":true}]}}