{"id":3352,"date":"2025-06-19T23:23:15","date_gmt":"2025-06-19T21:23:15","guid":{"rendered":"https:\/\/agora.xtec.cat\/ceip-onzedesetembre\/?p=3352"},"modified":"2025-06-19T23:23:15","modified_gmt":"2025-06-19T21:23:15","slug":"video-de-promocio-de-sise-de-primaria-i-quart-de-la-eso","status":"publish","type":"post","link":"https:\/\/agora.xtec.cat\/ceip-onzedesetembre\/general\/video-de-promocio-de-sise-de-primaria-i-quart-de-la-eso\/","title":{"rendered":"V\u00eddeo de promoci\u00f3 de sis\u00e8 de prim\u00e0ria i quart de la ESO."},"content":{"rendered":"<p>Avui, 19 de novembre, hem celebrat la graduaci\u00f3 de dues promocions, la de sis\u00e8 de prim\u00e0ria i la de quart de la ESO. Han estat dos actes molt emotius i plens de riures i ll\u00e0grimes d&#8217;emoci\u00f3. A tots dos actes vam poder veure els v\u00eddeos de promoci\u00f3 d&#8217;aquests dos cursos, un resum del que ha sigut el seu pas pel nostre institut escola. Fes <a href=\"https:\/\/agora.xtec.cat\/ceip-onzedesetembre\/videos-del-curs-actual\/\">AQU\u00cd<\/a> o a la imatge i accedeix als v\u00eddeos de totes dues promocions.<\/p>\n<p><a href=\"https:\/\/agora.xtec.cat\/ceip-onzedesetembre\/videos-del-curs-actual\/\"><img loading=\"lazy\" decoding=\"async\" class=\"aligncenter wp-image-3353 size-full\" src=\"https:\/\/agora.xtec.cat\/ceip-onzedesetembre\/wp-content\/uploads\/usu702\/2025\/06\/GraduacioVint.jpg\" alt=\"\" width=\"463\" height=\"268\" srcset=\"https:\/\/agora.xtec.cat\/ceip-onzedesetembre\/wp-content\/uploads\/usu702\/2025\/06\/GraduacioVint.jpg 463w, https:\/\/agora.xtec.cat\/ceip-onzedesetembre\/wp-content\/uploads\/usu702\/2025\/06\/GraduacioVint-300x174.jpg 300w\" sizes=\"auto, (max-width: 463px) 100vw, 463px\" \/><\/a><\/p>\n<p>&nbsp;<\/p>\n","protected":false},"excerpt":{"rendered":"<p>Avui, 19 de novembre, hem celebrat la graduaci\u00f3 de dues promocions, la de sis\u00e8 de prim\u00e0ria i la de quart de la ESO. Han estat dos actes molt emotius i plens de riures i ll\u00e0grimes d&#8217;emoci\u00f3. A tots dos actes vam poder veure els v\u00eddeos&hellip;  <a href=\"https:\/\/agora.xtec.cat\/ceip-onzedesetembre\/general\/video-de-promocio-de-sise-de-primaria-i-quart-de-la-eso\/\" title=\"Read V\u00eddeo de promoci\u00f3 de sis\u00e8 de prim\u00e0ria i quart de la ESO.\">Llegeix m\u00e9s\u00bb<\/a><\/p>\n","protected":false},"author":3,"featured_media":0,"comment_status":"open","ping_status":"open","sticky":true,"template":"","format":"standard","meta":{"_bbp_topic_count":0,"_bbp_reply_count":0,"_bbp_total_topic_count":0,"_bbp_total_reply_count":0,"_bbp_voice_count":0,"_bbp_anonymous_reply_count":0,"_bbp_topic_count_hidden":0,"_bbp_reply_count_hidden":0,"_bbp_forum_subforum_count":0,"footnotes":""},"categories":[7,1,2,3,8,9,4,5,49],"tags":[],"class_list":["post-3352","post","type-post","status-publish","format-standard","hentry","category-ampa","category-general","category-infantil","category-p3","category-p4","category-p5","category-portada","category-primaria","category-secundaria"],"post_mailing_queue_ids":[],"_links":{"self":[{"href":"https:\/\/agora.xtec.cat\/ceip-onzedesetembre\/wp-json\/wp\/v2\/posts\/3352","targetHints":{"allow":["GET"]}}],"collection":[{"href":"https:\/\/agora.xtec.cat\/ceip-onzedesetembre\/wp-json\/wp\/v2\/posts"}],"about":[{"href":"https:\/\/agora.xtec.cat\/ceip-onzedesetembre\/wp-json\/wp\/v2\/types\/post"}],"author":[{"embeddable":true,"href":"https:\/\/agora.xtec.cat\/ceip-onzedesetembre\/wp-json\/wp\/v2\/users\/3"}],"replies":[{"embeddable":true,"href":"https:\/\/agora.xtec.cat\/ceip-onzedesetembre\/wp-json\/wp\/v2\/comments?post=3352"}],"version-history":[{"count":1,"href":"https:\/\/agora.xtec.cat\/ceip-onzedesetembre\/wp-json\/wp\/v2\/posts\/3352\/revisions"}],"predecessor-version":[{"id":3355,"href":"https:\/\/agora.xtec.cat\/ceip-onzedesetembre\/wp-json\/wp\/v2\/posts\/3352\/revisions\/3355"}],"wp:attachment":[{"href":"https:\/\/agora.xtec.cat\/ceip-onzedesetembre\/wp-json\/wp\/v2\/media?parent=3352"}],"wp:term":[{"taxonomy":"category","embeddable":true,"href":"https:\/\/agora.xtec.cat\/ceip-onzedesetembre\/wp-json\/wp\/v2\/categories?post=3352"},{"taxonomy":"post_tag","embeddable":true,"href":"https:\/\/agora.xtec.cat\/ceip-onzedesetembre\/wp-json\/wp\/v2\/tags?post=3352"}],"curies":[{"name":"wp","href":"https:\/\/api.w.org\/{rel}","templated":true}]}}