{"id":3335,"date":"2025-06-16T19:24:06","date_gmt":"2025-06-16T17:24:06","guid":{"rendered":"https:\/\/agora.xtec.cat\/ceip-onzedesetembre\/?p=3335"},"modified":"2025-07-07T12:24:27","modified_gmt":"2025-07-07T10:24:27","slug":"el-cicle-superior-a-radio-sant-quirze","status":"publish","type":"post","link":"https:\/\/agora.xtec.cat\/ceip-onzedesetembre\/general\/el-cicle-superior-a-radio-sant-quirze\/","title":{"rendered":"El cicle superior a R\u00e0dio Sant Quirze."},"content":{"rendered":"<p>En el marc del projecte de r\u00e0dio els alumnes de cinqu\u00e8 i sis\u00e8 de la nostra escola han anat r\u00e0dio Sant Quirze a gravar els programes que han estat preparant al llarg dels darrers mesos. Han apr\u00e8s, han gaudit de l&#8217;experi\u00e8ncia i aquest ha estat el resultat.<\/p>\n<p><a href=\"https:\/\/agora.xtec.cat\/ceip-onzedesetembre\/wp-content\/uploads\/usu702\/2025\/06\/20250611_094715-Copiar.jpg\"><img loading=\"lazy\" decoding=\"async\" class=\"alignnone wp-image-3336\" src=\"https:\/\/agora.xtec.cat\/ceip-onzedesetembre\/wp-content\/uploads\/usu702\/2025\/06\/20250611_094715-Copiar-1024x768.jpg\" alt=\"\" width=\"489\" height=\"367\" srcset=\"https:\/\/agora.xtec.cat\/ceip-onzedesetembre\/wp-content\/uploads\/usu702\/2025\/06\/20250611_094715-Copiar-1024x768.jpg 1024w, https:\/\/agora.xtec.cat\/ceip-onzedesetembre\/wp-content\/uploads\/usu702\/2025\/06\/20250611_094715-Copiar-300x225.jpg 300w, https:\/\/agora.xtec.cat\/ceip-onzedesetembre\/wp-content\/uploads\/usu702\/2025\/06\/20250611_094715-Copiar-768x576.jpg 768w, https:\/\/agora.xtec.cat\/ceip-onzedesetembre\/wp-content\/uploads\/usu702\/2025\/06\/20250611_094715-Copiar-200x150.jpg 200w, https:\/\/agora.xtec.cat\/ceip-onzedesetembre\/wp-content\/uploads\/usu702\/2025\/06\/20250611_094715-Copiar.jpg 1400w\" sizes=\"auto, (max-width: 489px) 100vw, 489px\" \/><\/a><\/p>\n<p><strong>El program\u00e0 de Cinqu\u00e8<\/strong><\/p>\n<p><iframe loading=\"lazy\" src=\"https:\/\/drive.google.com\/file\/d\/1I_Xql54AoNzT908tjImkFi54zPLJ_glT\/preview\" width=\"400\" height=\"50\"><span data-mce-type=\"bookmark\" style=\"display: inline-block; width: 0px; overflow: hidden; line-height: 0;\" class=\"mce_SELRES_start\">\ufeff<\/span><\/iframe><\/p>\n<p><strong>El program\u00e0 de Sis\u00e8 A<\/strong><\/p>\n<p><iframe loading=\"lazy\" src=\"https:\/\/drive.google.com\/file\/d\/1BgcQvD_yCTEdJXOLJ4Bp2dDN6SvOedLp\/preview\" width=\"400\" height=\"50\"><\/iframe><\/p>\n<p><strong>El program\u00e0 de Sis\u00e8 B<\/strong><\/p>\n<p><iframe loading=\"lazy\" src=\"https:\/\/drive.google.com\/file\/d\/1bc4OHTs_L2FhKXMYc1hfgL242D5Mz0mO\/preview\" width=\"400\" height=\"50\"><span data-mce-type=\"bookmark\" style=\"display: inline-block; width: 0px; overflow: hidden; line-height: 0;\" class=\"mce_SELRES_start\">\ufeff<\/span><\/iframe><\/p>\n<p>#canaldereporters #radioreporters #local #crpsabadell<\/p>\n<p>&nbsp;<\/p>\n","protected":false},"excerpt":{"rendered":"<p>En el marc del projecte de r\u00e0dio els alumnes de cinqu\u00e8 i sis\u00e8 de la nostra escola han anat r\u00e0dio Sant Quirze a gravar els programes que han estat preparant al llarg dels darrers mesos. Han apr\u00e8s, han gaudit de l&#8217;experi\u00e8ncia i aquest ha estat&hellip;  <a href=\"https:\/\/agora.xtec.cat\/ceip-onzedesetembre\/general\/el-cicle-superior-a-radio-sant-quirze\/\" title=\"Read El cicle superior a R\u00e0dio Sant Quirze.\">Llegeix m\u00e9s\u00bb<\/a><\/p>\n","protected":false},"author":3,"featured_media":0,"comment_status":"closed","ping_status":"open","sticky":true,"template":"","format":"standard","meta":{"_bbp_topic_count":0,"_bbp_reply_count":0,"_bbp_total_topic_count":0,"_bbp_total_reply_count":0,"_bbp_voice_count":0,"_bbp_anonymous_reply_count":0,"_bbp_topic_count_hidden":0,"_bbp_reply_count_hidden":0,"_bbp_forum_subforum_count":0,"footnotes":""},"categories":[7,1,2,4,5,49],"tags":[106,105,103,104],"class_list":["post-3335","post","type-post","status-publish","format-standard","hentry","category-ampa","category-general","category-infantil","category-portada","category-primaria","category-secundaria","tag-canaldereporters","tag-crpsabadell","tag-local","tag-radioreporters"],"post_mailing_queue_ids":[],"_links":{"self":[{"href":"https:\/\/agora.xtec.cat\/ceip-onzedesetembre\/wp-json\/wp\/v2\/posts\/3335","targetHints":{"allow":["GET"]}}],"collection":[{"href":"https:\/\/agora.xtec.cat\/ceip-onzedesetembre\/wp-json\/wp\/v2\/posts"}],"about":[{"href":"https:\/\/agora.xtec.cat\/ceip-onzedesetembre\/wp-json\/wp\/v2\/types\/post"}],"author":[{"embeddable":true,"href":"https:\/\/agora.xtec.cat\/ceip-onzedesetembre\/wp-json\/wp\/v2\/users\/3"}],"replies":[{"embeddable":true,"href":"https:\/\/agora.xtec.cat\/ceip-onzedesetembre\/wp-json\/wp\/v2\/comments?post=3335"}],"version-history":[{"count":6,"href":"https:\/\/agora.xtec.cat\/ceip-onzedesetembre\/wp-json\/wp\/v2\/posts\/3335\/revisions"}],"predecessor-version":[{"id":3386,"href":"https:\/\/agora.xtec.cat\/ceip-onzedesetembre\/wp-json\/wp\/v2\/posts\/3335\/revisions\/3386"}],"wp:attachment":[{"href":"https:\/\/agora.xtec.cat\/ceip-onzedesetembre\/wp-json\/wp\/v2\/media?parent=3335"}],"wp:term":[{"taxonomy":"category","embeddable":true,"href":"https:\/\/agora.xtec.cat\/ceip-onzedesetembre\/wp-json\/wp\/v2\/categories?post=3335"},{"taxonomy":"post_tag","embeddable":true,"href":"https:\/\/agora.xtec.cat\/ceip-onzedesetembre\/wp-json\/wp\/v2\/tags?post=3335"}],"curies":[{"name":"wp","href":"https:\/\/api.w.org\/{rel}","templated":true}]}}