{"id":3322,"date":"2025-06-19T16:10:57","date_gmt":"2025-06-19T14:10:57","guid":{"rendered":"https:\/\/agora.xtec.cat\/ceip-onzedesetembre\/?p=3322"},"modified":"2025-06-19T16:10:57","modified_gmt":"2025-06-19T14:10:57","slug":"cloenda-consell-dinfants","status":"publish","type":"post","link":"https:\/\/agora.xtec.cat\/ceip-onzedesetembre\/general\/cloenda-consell-dinfants\/","title":{"rendered":"Cloenda Consell d&#8217;infants"},"content":{"rendered":"<p>El passat dijous 12 de juny, les dues representants de cinqu\u00e8 i les quatre de sis\u00e8 de prim\u00e0ria van assistir a l\u2019acte de tancament del Consell d\u2019infants.<\/p>\n<p>Al llarg d\u2019aquest any, les conselleres i les\u00a0 assessores han realitzat moltes activitats al Consell, entre les quals la de fer arribar a l\u2019ajuntament les demandes que havien recollit dels companys i companyes de classe. Enhorabona, Representants del Consell d&#8217;infants de l&#8217;Onze!<\/p>\n<p><a href=\"https:\/\/agora.xtec.cat\/ceip-onzedesetembre\/wp-content\/uploads\/usu702\/2025\/06\/IMG-20250612-WA0013.jpg\"><img loading=\"lazy\" decoding=\"async\" class=\"alignnone  wp-image-3323\" src=\"https:\/\/agora.xtec.cat\/ceip-onzedesetembre\/wp-content\/uploads\/usu702\/2025\/06\/IMG-20250612-WA0013-1024x765.jpg\" alt=\"\" width=\"403\" height=\"301\" srcset=\"https:\/\/agora.xtec.cat\/ceip-onzedesetembre\/wp-content\/uploads\/usu702\/2025\/06\/IMG-20250612-WA0013-1024x765.jpg 1024w, https:\/\/agora.xtec.cat\/ceip-onzedesetembre\/wp-content\/uploads\/usu702\/2025\/06\/IMG-20250612-WA0013-300x224.jpg 300w, https:\/\/agora.xtec.cat\/ceip-onzedesetembre\/wp-content\/uploads\/usu702\/2025\/06\/IMG-20250612-WA0013-768x574.jpg 768w, https:\/\/agora.xtec.cat\/ceip-onzedesetembre\/wp-content\/uploads\/usu702\/2025\/06\/IMG-20250612-WA0013-1536x1148.jpg 1536w, https:\/\/agora.xtec.cat\/ceip-onzedesetembre\/wp-content\/uploads\/usu702\/2025\/06\/IMG-20250612-WA0013-200x150.jpg 200w, https:\/\/agora.xtec.cat\/ceip-onzedesetembre\/wp-content\/uploads\/usu702\/2025\/06\/IMG-20250612-WA0013.jpg 1600w\" sizes=\"auto, (max-width: 403px) 100vw, 403px\" \/><\/a><a href=\"https:\/\/agora.xtec.cat\/ceip-onzedesetembre\/wp-content\/uploads\/usu702\/2025\/06\/1750268969712-1-scaled.jpg\"><img loading=\"lazy\" decoding=\"async\" class=\"alignnone  wp-image-3349\" src=\"https:\/\/agora.xtec.cat\/ceip-onzedesetembre\/wp-content\/uploads\/usu702\/2025\/06\/1750268969712-1-1024x766.jpg\" alt=\"\" width=\"401\" height=\"300\" srcset=\"https:\/\/agora.xtec.cat\/ceip-onzedesetembre\/wp-content\/uploads\/usu702\/2025\/06\/1750268969712-1-1024x766.jpg 1024w, https:\/\/agora.xtec.cat\/ceip-onzedesetembre\/wp-content\/uploads\/usu702\/2025\/06\/1750268969712-1-300x224.jpg 300w, https:\/\/agora.xtec.cat\/ceip-onzedesetembre\/wp-content\/uploads\/usu702\/2025\/06\/1750268969712-1-768x574.jpg 768w, https:\/\/agora.xtec.cat\/ceip-onzedesetembre\/wp-content\/uploads\/usu702\/2025\/06\/1750268969712-1-1536x1149.jpg 1536w, https:\/\/agora.xtec.cat\/ceip-onzedesetembre\/wp-content\/uploads\/usu702\/2025\/06\/1750268969712-1-2048x1532.jpg 2048w, https:\/\/agora.xtec.cat\/ceip-onzedesetembre\/wp-content\/uploads\/usu702\/2025\/06\/1750268969712-1-200x150.jpg 200w\" sizes=\"auto, (max-width: 401px) 100vw, 401px\" \/><\/a><\/p>\n<p>&nbsp;<\/p>\n","protected":false},"excerpt":{"rendered":"<p>El passat dijous 12 de juny, les dues representants de cinqu\u00e8 i les quatre de sis\u00e8 de prim\u00e0ria van assistir a l\u2019acte de tancament del Consell d\u2019infants.<br \/>\nAl llarg d\u2019aquest any, les conselleres i les\u00a0 assessores han realitzat moltes activitats al Consell, entre les quals la&hellip;  <a href=\"https:\/\/agora.xtec.cat\/ceip-onzedesetembre\/general\/cloenda-consell-dinfants\/\" title=\"Read Cloenda Consell d&#8217;infants\">Llegeix m\u00e9s\u00bb<\/a><\/p>\n","protected":false},"author":5,"featured_media":0,"comment_status":"closed","ping_status":"closed","sticky":true,"template":"","format":"standard","meta":{"_bbp_topic_count":0,"_bbp_reply_count":0,"_bbp_total_topic_count":0,"_bbp_total_reply_count":0,"_bbp_voice_count":0,"_bbp_anonymous_reply_count":0,"_bbp_topic_count_hidden":0,"_bbp_reply_count_hidden":0,"_bbp_forum_subforum_count":0,"footnotes":""},"categories":[7,1,2,4,5,49],"tags":[],"class_list":["post-3322","post","type-post","status-publish","format-standard","hentry","category-ampa","category-general","category-infantil","category-portada","category-primaria","category-secundaria"],"post_mailing_queue_ids":[],"_links":{"self":[{"href":"https:\/\/agora.xtec.cat\/ceip-onzedesetembre\/wp-json\/wp\/v2\/posts\/3322","targetHints":{"allow":["GET"]}}],"collection":[{"href":"https:\/\/agora.xtec.cat\/ceip-onzedesetembre\/wp-json\/wp\/v2\/posts"}],"about":[{"href":"https:\/\/agora.xtec.cat\/ceip-onzedesetembre\/wp-json\/wp\/v2\/types\/post"}],"author":[{"embeddable":true,"href":"https:\/\/agora.xtec.cat\/ceip-onzedesetembre\/wp-json\/wp\/v2\/users\/5"}],"replies":[{"embeddable":true,"href":"https:\/\/agora.xtec.cat\/ceip-onzedesetembre\/wp-json\/wp\/v2\/comments?post=3322"}],"version-history":[{"count":1,"href":"https:\/\/agora.xtec.cat\/ceip-onzedesetembre\/wp-json\/wp\/v2\/posts\/3322\/revisions"}],"predecessor-version":[{"id":3350,"href":"https:\/\/agora.xtec.cat\/ceip-onzedesetembre\/wp-json\/wp\/v2\/posts\/3322\/revisions\/3350"}],"wp:attachment":[{"href":"https:\/\/agora.xtec.cat\/ceip-onzedesetembre\/wp-json\/wp\/v2\/media?parent=3322"}],"wp:term":[{"taxonomy":"category","embeddable":true,"href":"https:\/\/agora.xtec.cat\/ceip-onzedesetembre\/wp-json\/wp\/v2\/categories?post=3322"},{"taxonomy":"post_tag","embeddable":true,"href":"https:\/\/agora.xtec.cat\/ceip-onzedesetembre\/wp-json\/wp\/v2\/tags?post=3322"}],"curies":[{"name":"wp","href":"https:\/\/api.w.org\/{rel}","templated":true}]}}