{"id":3277,"date":"2025-04-22T21:27:17","date_gmt":"2025-04-22T19:27:17","guid":{"rendered":"https:\/\/agora.xtec.cat\/ceip-onzedesetembre\/?p=3277"},"modified":"2025-04-22T21:51:49","modified_gmt":"2025-04-22T19:51:49","slug":"sant-jordi-2025","status":"publish","type":"post","link":"https:\/\/agora.xtec.cat\/ceip-onzedesetembre\/general\/sant-jordi-2025\/","title":{"rendered":"Sant Jordi 2025"},"content":{"rendered":"<p>Un grup d&#8217;alumnes de sis\u00e8 del nostre centre educatiu ens han volgut fer un petit regal en aquesta Diada de Sant Jordi: la locuci\u00f3 a l&#8217;aula de r\u00e0dio de &#8220;La llegenda de Sant Jordi&#8221;. Esperem que la gaudiu molt.<\/p>\n<h2><span style=\"color: #ff0000;\">BONA DIADA DE SANT JORDI!<\/span><iframe loading=\"lazy\" src=\"https:\/\/drive.google.com\/file\/d\/13BWn8U42q5dnQg86ptu3DmWrK5Zoeoqz\/preview\" width=\"640\" height=\"480\"><\/iframe><\/h2>\n","protected":false},"excerpt":{"rendered":"<p>Un grup d&#8217;alumnes de sis\u00e8 del nostre centre educatiu ens han volgut fer un petit regal en aquesta Diada de Sant Jordi: la locuci\u00f3 a l&#8217;aula de r\u00e0dio de &#8220;La llegenda de Sant Jordi&#8221;. Esperem que la gaudiu molt.<br \/>\nBONA DIADA DE SANT JORDI!<\/p>\n","protected":false},"author":3,"featured_media":0,"comment_status":"closed","ping_status":"closed","sticky":true,"template":"","format":"standard","meta":{"_bbp_topic_count":0,"_bbp_reply_count":0,"_bbp_total_topic_count":0,"_bbp_total_reply_count":0,"_bbp_voice_count":0,"_bbp_anonymous_reply_count":0,"_bbp_topic_count_hidden":0,"_bbp_reply_count_hidden":0,"_bbp_forum_subforum_count":0,"footnotes":""},"categories":[10,50,11,51,12,52,13,53,14,15,7,1,2,3,8,9,4,5,49],"tags":[],"class_list":["post-3277","post","type-post","status-publish","format-standard","hentry","category-1r","category-1r-eso","category-2n","category-2n-eso","category-3r","category-3r-eso","category-4t","category-4t-eso","category-5e","category-6e","category-ampa","category-general","category-infantil","category-p3","category-p4","category-p5","category-portada","category-primaria","category-secundaria"],"post_mailing_queue_ids":[],"_links":{"self":[{"href":"https:\/\/agora.xtec.cat\/ceip-onzedesetembre\/wp-json\/wp\/v2\/posts\/3277","targetHints":{"allow":["GET"]}}],"collection":[{"href":"https:\/\/agora.xtec.cat\/ceip-onzedesetembre\/wp-json\/wp\/v2\/posts"}],"about":[{"href":"https:\/\/agora.xtec.cat\/ceip-onzedesetembre\/wp-json\/wp\/v2\/types\/post"}],"author":[{"embeddable":true,"href":"https:\/\/agora.xtec.cat\/ceip-onzedesetembre\/wp-json\/wp\/v2\/users\/3"}],"replies":[{"embeddable":true,"href":"https:\/\/agora.xtec.cat\/ceip-onzedesetembre\/wp-json\/wp\/v2\/comments?post=3277"}],"version-history":[{"count":4,"href":"https:\/\/agora.xtec.cat\/ceip-onzedesetembre\/wp-json\/wp\/v2\/posts\/3277\/revisions"}],"predecessor-version":[{"id":3282,"href":"https:\/\/agora.xtec.cat\/ceip-onzedesetembre\/wp-json\/wp\/v2\/posts\/3277\/revisions\/3282"}],"wp:attachment":[{"href":"https:\/\/agora.xtec.cat\/ceip-onzedesetembre\/wp-json\/wp\/v2\/media?parent=3277"}],"wp:term":[{"taxonomy":"category","embeddable":true,"href":"https:\/\/agora.xtec.cat\/ceip-onzedesetembre\/wp-json\/wp\/v2\/categories?post=3277"},{"taxonomy":"post_tag","embeddable":true,"href":"https:\/\/agora.xtec.cat\/ceip-onzedesetembre\/wp-json\/wp\/v2\/tags?post=3277"}],"curies":[{"name":"wp","href":"https:\/\/api.w.org\/{rel}","templated":true}]}}