{"id":3257,"date":"2025-04-03T17:00:03","date_gmt":"2025-04-03T15:00:03","guid":{"rendered":"https:\/\/agora.xtec.cat\/ceip-onzedesetembre\/?p=3257"},"modified":"2025-04-03T17:00:03","modified_gmt":"2025-04-03T15:00:03","slug":"vols-ser-interpret-per-un-dia","status":"publish","type":"post","link":"https:\/\/agora.xtec.cat\/ceip-onzedesetembre\/general\/vols-ser-interpret-per-un-dia\/","title":{"rendered":"VOLS SER INT\u00c8RPRET PER UN DIA?"},"content":{"rendered":"<p>Els estudiants de 3r ESO que cursen la mat\u00e8ria de franc\u00e8s ha viscut l\u2019experi\u00e8ncia de ser int\u00e8rprets per un dia. Es tracta d\u2019un projecte que organitza la Universitat Aut\u00f2noma de Barcelona i on l\u2019alumnat ha pogut gaudir d\u2019activitats d\u2019interpretaci\u00f3 (xiuxiuejada, consecutiva i simult\u00e0nia) aix\u00ed com treballen els int\u00e8rprets en institucions europees. L\u2019activitat ha perm\u00e8s viure l\u2019experi\u00e8ncia de l\u2019alumnat a les cabines de la Facultat de Traducci\u00f3 i Interpretaci\u00f3 de la UAB.<\/p>\n<p><a href=\"https:\/\/agora.xtec.cat\/ceip-onzedesetembre\/wp-content\/uploads\/usu702\/2025\/04\/Captura-de-pantalla-2025-04-03-165542.jpg\"><img loading=\"lazy\" decoding=\"async\" class=\"alignnone size-full wp-image-3256\" src=\"https:\/\/agora.xtec.cat\/ceip-onzedesetembre\/wp-content\/uploads\/usu702\/2025\/04\/Captura-de-pantalla-2025-04-03-165542.jpg\" alt=\"\" width=\"861\" height=\"289\" srcset=\"https:\/\/agora.xtec.cat\/ceip-onzedesetembre\/wp-content\/uploads\/usu702\/2025\/04\/Captura-de-pantalla-2025-04-03-165542.jpg 861w, https:\/\/agora.xtec.cat\/ceip-onzedesetembre\/wp-content\/uploads\/usu702\/2025\/04\/Captura-de-pantalla-2025-04-03-165542-300x101.jpg 300w, https:\/\/agora.xtec.cat\/ceip-onzedesetembre\/wp-content\/uploads\/usu702\/2025\/04\/Captura-de-pantalla-2025-04-03-165542-768x258.jpg 768w\" sizes=\"auto, (max-width: 861px) 100vw, 861px\" \/><\/a><\/p>\n","protected":false},"excerpt":{"rendered":"<p>Els estudiants de 3r ESO que cursen la mat\u00e8ria de franc\u00e8s ha viscut l\u2019experi\u00e8ncia de ser int\u00e8rprets per un dia. Es tracta d\u2019un projecte que organitza la Universitat Aut\u00f2noma de Barcelona i on l\u2019alumnat ha pogut gaudir d\u2019activitats d\u2019interpretaci\u00f3 (xiuxiuejada, consecutiva i simult\u00e0nia) aix\u00ed com&hellip;  <a href=\"https:\/\/agora.xtec.cat\/ceip-onzedesetembre\/general\/vols-ser-interpret-per-un-dia\/\" title=\"Read VOLS SER INT\u00c8RPRET PER UN DIA?\">Llegeix m\u00e9s\u00bb<\/a><\/p>\n","protected":false},"author":5,"featured_media":0,"comment_status":"closed","ping_status":"closed","sticky":true,"template":"","format":"standard","meta":{"_bbp_topic_count":0,"_bbp_reply_count":0,"_bbp_total_topic_count":0,"_bbp_total_reply_count":0,"_bbp_voice_count":0,"_bbp_anonymous_reply_count":0,"_bbp_topic_count_hidden":0,"_bbp_reply_count_hidden":0,"_bbp_forum_subforum_count":0,"footnotes":""},"categories":[7,1,2,4,5,49],"tags":[],"class_list":["post-3257","post","type-post","status-publish","format-standard","hentry","category-ampa","category-general","category-infantil","category-portada","category-primaria","category-secundaria"],"post_mailing_queue_ids":[],"_links":{"self":[{"href":"https:\/\/agora.xtec.cat\/ceip-onzedesetembre\/wp-json\/wp\/v2\/posts\/3257","targetHints":{"allow":["GET"]}}],"collection":[{"href":"https:\/\/agora.xtec.cat\/ceip-onzedesetembre\/wp-json\/wp\/v2\/posts"}],"about":[{"href":"https:\/\/agora.xtec.cat\/ceip-onzedesetembre\/wp-json\/wp\/v2\/types\/post"}],"author":[{"embeddable":true,"href":"https:\/\/agora.xtec.cat\/ceip-onzedesetembre\/wp-json\/wp\/v2\/users\/5"}],"replies":[{"embeddable":true,"href":"https:\/\/agora.xtec.cat\/ceip-onzedesetembre\/wp-json\/wp\/v2\/comments?post=3257"}],"version-history":[{"count":1,"href":"https:\/\/agora.xtec.cat\/ceip-onzedesetembre\/wp-json\/wp\/v2\/posts\/3257\/revisions"}],"predecessor-version":[{"id":3258,"href":"https:\/\/agora.xtec.cat\/ceip-onzedesetembre\/wp-json\/wp\/v2\/posts\/3257\/revisions\/3258"}],"wp:attachment":[{"href":"https:\/\/agora.xtec.cat\/ceip-onzedesetembre\/wp-json\/wp\/v2\/media?parent=3257"}],"wp:term":[{"taxonomy":"category","embeddable":true,"href":"https:\/\/agora.xtec.cat\/ceip-onzedesetembre\/wp-json\/wp\/v2\/categories?post=3257"},{"taxonomy":"post_tag","embeddable":true,"href":"https:\/\/agora.xtec.cat\/ceip-onzedesetembre\/wp-json\/wp\/v2\/tags?post=3257"}],"curies":[{"name":"wp","href":"https:\/\/api.w.org\/{rel}","templated":true}]}}