{"id":3244,"date":"2025-03-31T10:01:54","date_gmt":"2025-03-31T08:01:54","guid":{"rendered":"https:\/\/agora.xtec.cat\/ceip-onzedesetembre\/?p=3244"},"modified":"2025-04-03T12:17:12","modified_gmt":"2025-04-03T10:17:12","slug":"video-qualitat-educativa-a-sant-quirze-del-valles","status":"publish","type":"post","link":"https:\/\/agora.xtec.cat\/ceip-onzedesetembre\/general\/video-qualitat-educativa-a-sant-quirze-del-valles\/","title":{"rendered":"V\u00eddeo: Qualitat educativa a Sant Quirze del Vall\u00e8s"},"content":{"rendered":"<p>L&#8217;ajuntament de Sant Quirze del Vall\u00e8s ha editat i penjat un v\u00eddeo en el qual es poden veure els diferents centres educatius del municipi. Fent clic <a href=\"https:\/\/www.santquirzevalles.cat\/temes\/educacio\/preinscripcio-a-centres-educatius\/video-qualitat-educativa-a-sant-quirze-del-valles\">AQU\u00cd<\/a> podreu accedir a la p\u00e0gina web de l&#8217;ajuntament.<\/p>\n<p><iframe loading=\"lazy\" title=\"YouTube video player\" src=\"https:\/\/www.youtube.com\/embed\/pY3UYtnvAHw?si=l09CZtnLcQpKlBIk\" width=\"560\" height=\"315\" frameborder=\"0\" allowfullscreen=\"allowfullscreen\" rel=0><\/iframe><\/p>\n","protected":false},"excerpt":{"rendered":"<p>L&#8217;ajuntament de Sant Quirze del Vall\u00e8s ha editat i penjat un v\u00eddeo en el qual es poden veure els diferents centres educatius del municipi. Fent clic <a href=\"https:\/\/www.santquirzevalles.cat\/temes\/educacio\/preinscripcio-a-centres-educatius\/video-qualitat-educativa-a-sant-quirze-del-valles\">AQU\u00cd<\/a> podreu accedir a la p\u00e0gina web de l&#8217;ajuntament.<\/p>\n","protected":false},"author":5,"featured_media":0,"comment_status":"closed","ping_status":"closed","sticky":true,"template":"","format":"standard","meta":{"_bbp_topic_count":0,"_bbp_reply_count":0,"_bbp_total_topic_count":0,"_bbp_total_reply_count":0,"_bbp_voice_count":0,"_bbp_anonymous_reply_count":0,"_bbp_topic_count_hidden":0,"_bbp_reply_count_hidden":0,"_bbp_forum_subforum_count":0,"footnotes":""},"categories":[7,1,2,4,5,49],"tags":[],"class_list":["post-3244","post","type-post","status-publish","format-standard","hentry","category-ampa","category-general","category-infantil","category-portada","category-primaria","category-secundaria"],"post_mailing_queue_ids":[],"_links":{"self":[{"href":"https:\/\/agora.xtec.cat\/ceip-onzedesetembre\/wp-json\/wp\/v2\/posts\/3244","targetHints":{"allow":["GET"]}}],"collection":[{"href":"https:\/\/agora.xtec.cat\/ceip-onzedesetembre\/wp-json\/wp\/v2\/posts"}],"about":[{"href":"https:\/\/agora.xtec.cat\/ceip-onzedesetembre\/wp-json\/wp\/v2\/types\/post"}],"author":[{"embeddable":true,"href":"https:\/\/agora.xtec.cat\/ceip-onzedesetembre\/wp-json\/wp\/v2\/users\/5"}],"replies":[{"embeddable":true,"href":"https:\/\/agora.xtec.cat\/ceip-onzedesetembre\/wp-json\/wp\/v2\/comments?post=3244"}],"version-history":[{"count":3,"href":"https:\/\/agora.xtec.cat\/ceip-onzedesetembre\/wp-json\/wp\/v2\/posts\/3244\/revisions"}],"predecessor-version":[{"id":3249,"href":"https:\/\/agora.xtec.cat\/ceip-onzedesetembre\/wp-json\/wp\/v2\/posts\/3244\/revisions\/3249"}],"wp:attachment":[{"href":"https:\/\/agora.xtec.cat\/ceip-onzedesetembre\/wp-json\/wp\/v2\/media?parent=3244"}],"wp:term":[{"taxonomy":"category","embeddable":true,"href":"https:\/\/agora.xtec.cat\/ceip-onzedesetembre\/wp-json\/wp\/v2\/categories?post=3244"},{"taxonomy":"post_tag","embeddable":true,"href":"https:\/\/agora.xtec.cat\/ceip-onzedesetembre\/wp-json\/wp\/v2\/tags?post=3244"}],"curies":[{"name":"wp","href":"https:\/\/api.w.org\/{rel}","templated":true}]}}