{"id":3218,"date":"2025-06-16T15:46:42","date_gmt":"2025-06-16T13:46:42","guid":{"rendered":"https:\/\/agora.xtec.cat\/ceip-onzedesetembre\/?p=3218"},"modified":"2025-06-16T15:59:27","modified_gmt":"2025-06-16T13:59:27","slug":"preinscripcio-escolars-2025-2026","status":"publish","type":"post","link":"https:\/\/agora.xtec.cat\/ceip-onzedesetembre\/general\/preinscripcio-escolars-2025-2026\/","title":{"rendered":"Preinscripci\u00f3 escolars 2025-2026"},"content":{"rendered":"<p><a href=\"https:\/\/agora.xtec.cat\/ceip-onzedesetembre\/wp-content\/uploads\/usu702\/2025\/03\/GENE_CONSTRUIM-FUTURS_BANNER_300x600_V01.jpg\"><img loading=\"lazy\" decoding=\"async\" class=\"alignnone size-full wp-image-3217\" src=\"https:\/\/agora.xtec.cat\/ceip-onzedesetembre\/wp-content\/uploads\/usu702\/2025\/03\/GENE_CONSTRUIM-FUTURS_BANNER_300x600_V01.jpg\" alt=\"\" width=\"300\" height=\"601\" srcset=\"https:\/\/agora.xtec.cat\/ceip-onzedesetembre\/wp-content\/uploads\/usu702\/2025\/03\/GENE_CONSTRUIM-FUTURS_BANNER_300x600_V01.jpg 300w, https:\/\/agora.xtec.cat\/ceip-onzedesetembre\/wp-content\/uploads\/usu702\/2025\/03\/GENE_CONSTRUIM-FUTURS_BANNER_300x600_V01-150x300.jpg 150w\" sizes=\"auto, (max-width: 300px) 100vw, 300px\" \/><\/a><\/p>\n<p>Web d&#8217;informaci\u00f3 per a les fam\u00edlies<\/p>\n<p><a href=\"https:\/\/preinscripcio.gencat.cat\/ca\/inici\/\">https:\/\/preinscripcio.gencat.cat\/ca\/inici\/<\/a><\/p>\n<p><a href=\"https:\/\/agora.xtec.cat\/ceip-onzedesetembre\/wp-content\/uploads\/usu702\/2025\/03\/Oferta-inicial-de-places.pdf\">\u00b7 Oferta inicial\u00a0 de places 2025-2026<\/a><\/p>\n<p><a href=\"https:\/\/agora.xtec.cat\/ceip-onzedesetembre\/wp-content\/uploads\/usu702\/2025\/04\/Llistat-barem-provisional.pdf\">\u00b7 Llistat amb el barem provisional.<\/a><\/p>\n<p><a href=\"https:\/\/agora.xtec.cat\/ceip-onzedesetembre\/wp-content\/uploads\/usu702\/2025\/05\/Llista-de-sollicituds-amb-la-puntuacio-un-cop-resoltes-les-reclamacions.pdf\">\u00b7 Llista amb la puntuaci\u00f3 un cop resoltes les reclamacions d&#8217;educaci\u00f3 infantil, educaci\u00f3 prim\u00e0ria i educaci\u00f3 secund\u00e0ria obligat\u00f2ria.\u00a0<\/a> <strong><span style=\"color: #ff0000;\">NOVETAT (05 &#8211; 5 &#8211; 25)<\/span><\/strong><\/p>\n<p>\u00b7 <strong>Resultat del sorteig (Educaci\u00f3 infantil 3-6 anys, Prim\u00e0ria i ESO). El n\u00famero per determinar l&#8217;ordre de les sol\u00b7licituds \u00e9s el: <span style=\"color: #000080;\">76.261\u00a0 <span style=\"color: #ff0000;\">NOVETAT (08 &#8211; 5 &#8211; 25)<\/span><\/span><\/strong><\/p>\n<p><a href=\"https:\/\/agora.xtec.cat\/ceip-onzedesetembre\/wp-content\/uploads\/usu702\/2025\/04\/Llista-ordenada-definitiva.pdf\">\u00b7 Llista ordenada definitiva.<\/a> <strong><span style=\"color: #ff0000;\">NOVETAT (09 &#8211; 5 &#8211; 25)<\/span><\/strong><\/p>\n<p>. <a href=\"https:\/\/agora.xtec.cat\/ceip-onzedesetembre\/wp-content\/uploads\/usu702\/2025\/06\/Llistat-alumnes-assignats-al-centre-amb-indicacio-de-la-primera-peticio.pdf\">Llistat d&#8217;alumnes assignats al centre amb indicaci\u00f3 de la primera petici\u00f3. <span style=\"color: #ff0000;\"><strong>NOVETAT (16 &#8211; 06 &#8211; 2025)<\/strong><\/span><\/a><\/p>\n<p>. <a href=\"https:\/\/agora.xtec.cat\/ceip-onzedesetembre\/wp-content\/uploads\/usu702\/2025\/06\/Llistat-alumnes-preinscrits-al-centre.pdf\">Llistat d&#8217;alumnes preinscrits al centre. <span style=\"color: #ff0000;\"><strong>NOVETAT (16 &#8211; 06 &#8211;\u00a0 2025)<\/strong><\/span><\/a><\/p>\n<p>. <a href=\"https:\/\/agora.xtec.cat\/ceip-onzedesetembre\/wp-content\/uploads\/usu702\/2025\/06\/Llista-despera.pdf\">Llista d&#8217;espera. <span style=\"color: #ff0000;\"><strong>NOVETAT (16 &#8211; 06 &#8211; 2025)<\/strong><\/span><\/a><\/p>\n","protected":false},"excerpt":{"rendered":"<p><a href=\"https:\/\/agora.xtec.cat\/ceip-onzedesetembre\/wp-content\/uploads\/usu702\/2025\/03\/GENE_CONSTRUIM-FUTURS_BANNER_300x600_V01.jpg\"><\/a><br \/>\nWeb d&#8217;informaci\u00f3 per a les fam\u00edlies<br \/>\n<a href=\"https:\/\/preinscripcio.gencat.cat\/ca\/inici\/\">https:\/\/preinscripcio.gencat.cat\/ca\/inici\/<\/a><br \/>\n<a href=\"https:\/\/agora.xtec.cat\/ceip-onzedesetembre\/wp-content\/uploads\/usu702\/2025\/03\/Oferta-inicial-de-places.pdf\">\u00b7 Oferta inicial\u00a0 de places 2025-2026<\/a><br \/>\n<a href=\"https:\/\/agora.xtec.cat\/ceip-onzedesetembre\/wp-content\/uploads\/usu702\/2025\/04\/Llistat-barem-provisional.pdf\">\u00b7 Llistat amb el barem provisional.<\/a><br \/>\n<a href=\"https:\/\/agora.xtec.cat\/ceip-onzedesetembre\/wp-content\/uploads\/usu702\/2025\/05\/Llista-de-sollicituds-amb-la-puntuacio-un-cop-resoltes-les-reclamacions.pdf\">\u00b7 Llista amb la puntuaci\u00f3 un cop resoltes les reclamacions d&#8217;educaci\u00f3 infantil, educaci\u00f3 prim\u00e0ria i educaci\u00f3 secund\u00e0ria obligat\u00f2ria.\u00a0<\/a> NOVETAT (05 &#8211; 5 &#8211; 25)<br \/>\n\u00b7 Resultat&hellip;  <a href=\"https:\/\/agora.xtec.cat\/ceip-onzedesetembre\/general\/preinscripcio-escolars-2025-2026\/\" title=\"Read Preinscripci\u00f3 escolars 2025-2026\">Llegeix m\u00e9s\u00bb<\/a><\/p>\n","protected":false},"author":5,"featured_media":0,"comment_status":"closed","ping_status":"closed","sticky":true,"template":"","format":"standard","meta":{"_bbp_topic_count":0,"_bbp_reply_count":0,"_bbp_total_topic_count":0,"_bbp_total_reply_count":0,"_bbp_voice_count":0,"_bbp_anonymous_reply_count":0,"_bbp_topic_count_hidden":0,"_bbp_reply_count_hidden":0,"_bbp_forum_subforum_count":0,"footnotes":""},"categories":[7,1,2,4,5,49],"tags":[],"class_list":["post-3218","post","type-post","status-publish","format-standard","hentry","category-ampa","category-general","category-infantil","category-portada","category-primaria","category-secundaria"],"post_mailing_queue_ids":[],"_links":{"self":[{"href":"https:\/\/agora.xtec.cat\/ceip-onzedesetembre\/wp-json\/wp\/v2\/posts\/3218","targetHints":{"allow":["GET"]}}],"collection":[{"href":"https:\/\/agora.xtec.cat\/ceip-onzedesetembre\/wp-json\/wp\/v2\/posts"}],"about":[{"href":"https:\/\/agora.xtec.cat\/ceip-onzedesetembre\/wp-json\/wp\/v2\/types\/post"}],"author":[{"embeddable":true,"href":"https:\/\/agora.xtec.cat\/ceip-onzedesetembre\/wp-json\/wp\/v2\/users\/5"}],"replies":[{"embeddable":true,"href":"https:\/\/agora.xtec.cat\/ceip-onzedesetembre\/wp-json\/wp\/v2\/comments?post=3218"}],"version-history":[{"count":6,"href":"https:\/\/agora.xtec.cat\/ceip-onzedesetembre\/wp-json\/wp\/v2\/posts\/3218\/revisions"}],"predecessor-version":[{"id":3330,"href":"https:\/\/agora.xtec.cat\/ceip-onzedesetembre\/wp-json\/wp\/v2\/posts\/3218\/revisions\/3330"}],"wp:attachment":[{"href":"https:\/\/agora.xtec.cat\/ceip-onzedesetembre\/wp-json\/wp\/v2\/media?parent=3218"}],"wp:term":[{"taxonomy":"category","embeddable":true,"href":"https:\/\/agora.xtec.cat\/ceip-onzedesetembre\/wp-json\/wp\/v2\/categories?post=3218"},{"taxonomy":"post_tag","embeddable":true,"href":"https:\/\/agora.xtec.cat\/ceip-onzedesetembre\/wp-json\/wp\/v2\/tags?post=3218"}],"curies":[{"name":"wp","href":"https:\/\/api.w.org\/{rel}","templated":true}]}}