{"id":3215,"date":"2025-02-19T12:47:26","date_gmt":"2025-02-19T11:47:26","guid":{"rendered":"https:\/\/agora.xtec.cat\/ceip-onzedesetembre\/?p=3215"},"modified":"2025-03-10T12:49:49","modified_gmt":"2025-03-10T11:49:49","slug":"karate-ikigai-dojo-i-valles-jiu-jitsu","status":"publish","type":"post","link":"https:\/\/agora.xtec.cat\/ceip-onzedesetembre\/general\/karate-ikigai-dojo-i-valles-jiu-jitsu\/","title":{"rendered":"KARATE IKIGAI DOJO I VALLES JIU JITSU"},"content":{"rendered":"<p><b>Els alumnes de 3r d&#8217;ESO han tingut l&#8217;oportunitat de participar en una sessi\u00f3 de Karate. Aquesta sessi\u00f3 ha estat realitzada per Karate Ikigai Dojo i ha perm\u00e8s a l&#8217;alumnat de 3r descobrir aquesta disciplina d&#8217;art marcial.<\/b><\/p>\n<p><b>Durant les activitats, els alumnes han pogut aprendre t\u00e8cniques b\u00e0siques, permetent que els estudiants participessin activament i adquirissin una millor comprensi\u00f3 d&#8217;aquest esport.<\/b><\/p>\n<p><b>Agra\u00efm la participaci\u00f3 dels professionals de Karate Ikigai Dojo, i continuarem treballant per oferir als nostres alumnes experi\u00e8ncies formatives que els ajudin a cr\u00e9ixer com a persones responsables i compromeses amb el benestar col\u00b7lectiu.<\/b><\/p>\n<p><b>Tamb\u00e9 han tingut l&#8217;oportunitat de participar en una sessi\u00f3 de Jiu Jitsu. Aquesta sessi\u00f3 ha estat realitzada per Valles Jiu Jitsu de Sant Quirze del Vall\u00e8s, i ha perm\u00e8s a l&#8217;alumnat de 3r descobrir aquesta disciplina d&#8217;art marcial.<\/b><\/p>\n<p><b>Durant les activitats, els alumnes han pogut aprendre t\u00e8cniques b\u00e0siques, permetent que els estudiants participessin activament i adquirissin una millor comprensi\u00f3 d&#8217;aquest esport.<\/b><\/p>\n<p><b>Agra\u00efm la participaci\u00f3 dels professionals de Valles\u00a0Jiu Jitsu, i continuarem treballant per oferir als nostres alumnes experi\u00e8ncies formatives que els ajudin a cr\u00e9ixer com a persones responsables i compromeses amb el benestar col\u00b7lectiu.<\/b><\/p>\n<p><a href=\"https:\/\/agora.xtec.cat\/ceip-onzedesetembre\/wp-content\/uploads\/usu702\/2025\/03\/Visita-Valles-Jiu-Jitsu.jpg\"><img loading=\"lazy\" decoding=\"async\" class=\"alignnone size-large wp-image-3214\" src=\"https:\/\/agora.xtec.cat\/ceip-onzedesetembre\/wp-content\/uploads\/usu702\/2025\/03\/Visita-Valles-Jiu-Jitsu-724x1024.jpg\" alt=\"\" width=\"724\" height=\"1024\" srcset=\"https:\/\/agora.xtec.cat\/ceip-onzedesetembre\/wp-content\/uploads\/usu702\/2025\/03\/Visita-Valles-Jiu-Jitsu-724x1024.jpg 724w, https:\/\/agora.xtec.cat\/ceip-onzedesetembre\/wp-content\/uploads\/usu702\/2025\/03\/Visita-Valles-Jiu-Jitsu-212x300.jpg 212w, https:\/\/agora.xtec.cat\/ceip-onzedesetembre\/wp-content\/uploads\/usu702\/2025\/03\/Visita-Valles-Jiu-Jitsu-768x1086.jpg 768w, https:\/\/agora.xtec.cat\/ceip-onzedesetembre\/wp-content\/uploads\/usu702\/2025\/03\/Visita-Valles-Jiu-Jitsu-1086x1536.jpg 1086w, https:\/\/agora.xtec.cat\/ceip-onzedesetembre\/wp-content\/uploads\/usu702\/2025\/03\/Visita-Valles-Jiu-Jitsu-1448x2048.jpg 1448w, https:\/\/agora.xtec.cat\/ceip-onzedesetembre\/wp-content\/uploads\/usu702\/2025\/03\/Visita-Valles-Jiu-Jitsu.jpg 1587w\" sizes=\"auto, (max-width: 724px) 100vw, 724px\" \/><\/a><\/p>\n","protected":false},"excerpt":{"rendered":"<p>Els alumnes de 3r d&#8217;ESO han tingut l&#8217;oportunitat de participar en una sessi\u00f3 de Karate. Aquesta sessi\u00f3 ha estat realitzada per Karate Ikigai Dojo i ha perm\u00e8s a l&#8217;alumnat de 3r descobrir aquesta disciplina d&#8217;art marcial.<br \/>\nDurant les activitats, els alumnes han pogut aprendre t\u00e8cniques b\u00e0siques,&hellip;  <a href=\"https:\/\/agora.xtec.cat\/ceip-onzedesetembre\/general\/karate-ikigai-dojo-i-valles-jiu-jitsu\/\" title=\"Read KARATE IKIGAI DOJO I VALLES JIU JITSU\">Llegeix m\u00e9s\u00bb<\/a><\/p>\n","protected":false},"author":5,"featured_media":0,"comment_status":"closed","ping_status":"closed","sticky":true,"template":"","format":"standard","meta":{"_bbp_topic_count":0,"_bbp_reply_count":0,"_bbp_total_topic_count":0,"_bbp_total_reply_count":0,"_bbp_voice_count":0,"_bbp_anonymous_reply_count":0,"_bbp_topic_count_hidden":0,"_bbp_reply_count_hidden":0,"_bbp_forum_subforum_count":0,"footnotes":""},"categories":[7,1,2,4,5,49],"tags":[],"class_list":["post-3215","post","type-post","status-publish","format-standard","hentry","category-ampa","category-general","category-infantil","category-portada","category-primaria","category-secundaria"],"post_mailing_queue_ids":[],"_links":{"self":[{"href":"https:\/\/agora.xtec.cat\/ceip-onzedesetembre\/wp-json\/wp\/v2\/posts\/3215","targetHints":{"allow":["GET"]}}],"collection":[{"href":"https:\/\/agora.xtec.cat\/ceip-onzedesetembre\/wp-json\/wp\/v2\/posts"}],"about":[{"href":"https:\/\/agora.xtec.cat\/ceip-onzedesetembre\/wp-json\/wp\/v2\/types\/post"}],"author":[{"embeddable":true,"href":"https:\/\/agora.xtec.cat\/ceip-onzedesetembre\/wp-json\/wp\/v2\/users\/5"}],"replies":[{"embeddable":true,"href":"https:\/\/agora.xtec.cat\/ceip-onzedesetembre\/wp-json\/wp\/v2\/comments?post=3215"}],"version-history":[{"count":1,"href":"https:\/\/agora.xtec.cat\/ceip-onzedesetembre\/wp-json\/wp\/v2\/posts\/3215\/revisions"}],"predecessor-version":[{"id":3216,"href":"https:\/\/agora.xtec.cat\/ceip-onzedesetembre\/wp-json\/wp\/v2\/posts\/3215\/revisions\/3216"}],"wp:attachment":[{"href":"https:\/\/agora.xtec.cat\/ceip-onzedesetembre\/wp-json\/wp\/v2\/media?parent=3215"}],"wp:term":[{"taxonomy":"category","embeddable":true,"href":"https:\/\/agora.xtec.cat\/ceip-onzedesetembre\/wp-json\/wp\/v2\/categories?post=3215"},{"taxonomy":"post_tag","embeddable":true,"href":"https:\/\/agora.xtec.cat\/ceip-onzedesetembre\/wp-json\/wp\/v2\/tags?post=3215"}],"curies":[{"name":"wp","href":"https:\/\/api.w.org\/{rel}","templated":true}]}}