{"id":3200,"date":"2025-02-24T12:08:08","date_gmt":"2025-02-24T11:08:08","guid":{"rendered":"https:\/\/agora.xtec.cat\/ceip-onzedesetembre\/?p=3200"},"modified":"2025-02-24T12:08:08","modified_gmt":"2025-02-24T11:08:08","slug":"la-nova-aula-daudiovisuals","status":"publish","type":"post","link":"https:\/\/agora.xtec.cat\/ceip-onzedesetembre\/general\/la-nova-aula-daudiovisuals\/","title":{"rendered":"La nova aula d&#8217;audiovisuals."},"content":{"rendered":"<p>Aquest mes de febrer hem posat en marxa l&#8217;Aula d\u2019Audiovisuals al nostre centre, un espai dissenyat per fomentar l\u2019\u00fas de la llengua oral a trav\u00e9s de la r\u00e0dio i altres formats comunicatius.<\/p>\n<p>L\u2019objectiu principal d\u2019aquest projecte \u00e9s potenciar les habilitats comunicatives dels nostres alumnes, oferint-los l\u2019oportunitat d\u2019expressar-se, escoltar-se i millorar la seva flu\u00efdesa en llengua catalana d\u2019una manera motivadora i pr\u00e0ctica. A trav\u00e9s de programes de r\u00e0dio, entrevistes i altres formats, els alumnes podran treballar la seva expressi\u00f3 oral d\u2019una forma creativa i din\u00e0mica.<\/p>\n<p>A m\u00e9s, l\u2019Aula d\u2019Audiovisuals tamb\u00e9 servir\u00e0 com un espai per aprendre a diferenciar la realitat de la ficci\u00f3, desenvolupar el pensament cr\u00edtic i a identificar fake news, una compet\u00e8ncia fonamental en l\u2019era digital.<\/p>\n<p>Creiem que aquesta iniciativa ser\u00e0 una eina molt valuosa per als nostres alumnes, ajudant-los a guanyar confian\u00e7a en la seva expressi\u00f3 oral i a desenvolupar una mirada m\u00e9s cr\u00edtica i informada davant els mitjans de comunicaci\u00f3.<\/p>\n<p>A la web del centre podreu seguir els diferents projectes que anirem realitzant al llarg del curs.<\/p>\n<p>Esperem que aquesta nova iniciativa sigui un \u00e8xit i que els nostres alumnes en treguin el m\u00e0xim profit!<\/p>\n<p><a href=\"https:\/\/agora.xtec.cat\/ceip-onzedesetembre\/wp-content\/uploads\/usu702\/2025\/02\/Aula-scaled.jpg\"><img loading=\"lazy\" decoding=\"async\" class=\"aligncenter size-full wp-image-3201\" src=\"https:\/\/agora.xtec.cat\/ceip-onzedesetembre\/wp-content\/uploads\/usu702\/2025\/02\/Aula-scaled.jpg\" alt=\"\" width=\"2560\" height=\"1425\" srcset=\"https:\/\/agora.xtec.cat\/ceip-onzedesetembre\/wp-content\/uploads\/usu702\/2025\/02\/Aula-scaled.jpg 2560w, https:\/\/agora.xtec.cat\/ceip-onzedesetembre\/wp-content\/uploads\/usu702\/2025\/02\/Aula-300x167.jpg 300w, https:\/\/agora.xtec.cat\/ceip-onzedesetembre\/wp-content\/uploads\/usu702\/2025\/02\/Aula-1024x570.jpg 1024w, https:\/\/agora.xtec.cat\/ceip-onzedesetembre\/wp-content\/uploads\/usu702\/2025\/02\/Aula-768x428.jpg 768w, https:\/\/agora.xtec.cat\/ceip-onzedesetembre\/wp-content\/uploads\/usu702\/2025\/02\/Aula-1536x855.jpg 1536w, https:\/\/agora.xtec.cat\/ceip-onzedesetembre\/wp-content\/uploads\/usu702\/2025\/02\/Aula-2048x1140.jpg 2048w\" sizes=\"auto, (max-width: 2560px) 100vw, 2560px\" \/><\/a><\/p>\n<div id=\"gtx-trans\" style=\"position: absolute; left: 71px; top: 321.938px;\">\n<div class=\"gtx-trans-icon\"><\/div>\n<\/div>\n","protected":false},"excerpt":{"rendered":"<p>Aquest mes de febrer hem posat en marxa l&#8217;Aula d\u2019Audiovisuals al nostre centre, un espai dissenyat per fomentar l\u2019\u00fas de la llengua oral a trav\u00e9s de la r\u00e0dio i altres formats comunicatius.<br \/>\nL\u2019objectiu principal d\u2019aquest projecte \u00e9s potenciar les habilitats comunicatives dels nostres alumnes, oferint-los l\u2019oportunitat&hellip;  <a href=\"https:\/\/agora.xtec.cat\/ceip-onzedesetembre\/general\/la-nova-aula-daudiovisuals\/\" title=\"Read La nova aula d&#8217;audiovisuals.\">Llegeix m\u00e9s\u00bb<\/a><\/p>\n","protected":false},"author":3,"featured_media":0,"comment_status":"closed","ping_status":"closed","sticky":true,"template":"","format":"standard","meta":{"_bbp_topic_count":0,"_bbp_reply_count":0,"_bbp_total_topic_count":0,"_bbp_total_reply_count":0,"_bbp_voice_count":0,"_bbp_anonymous_reply_count":0,"_bbp_topic_count_hidden":0,"_bbp_reply_count_hidden":0,"_bbp_forum_subforum_count":0,"footnotes":""},"categories":[7,1,2,4,5,49],"tags":[],"class_list":["post-3200","post","type-post","status-publish","format-standard","hentry","category-ampa","category-general","category-infantil","category-portada","category-primaria","category-secundaria"],"post_mailing_queue_ids":[],"_links":{"self":[{"href":"https:\/\/agora.xtec.cat\/ceip-onzedesetembre\/wp-json\/wp\/v2\/posts\/3200","targetHints":{"allow":["GET"]}}],"collection":[{"href":"https:\/\/agora.xtec.cat\/ceip-onzedesetembre\/wp-json\/wp\/v2\/posts"}],"about":[{"href":"https:\/\/agora.xtec.cat\/ceip-onzedesetembre\/wp-json\/wp\/v2\/types\/post"}],"author":[{"embeddable":true,"href":"https:\/\/agora.xtec.cat\/ceip-onzedesetembre\/wp-json\/wp\/v2\/users\/3"}],"replies":[{"embeddable":true,"href":"https:\/\/agora.xtec.cat\/ceip-onzedesetembre\/wp-json\/wp\/v2\/comments?post=3200"}],"version-history":[{"count":1,"href":"https:\/\/agora.xtec.cat\/ceip-onzedesetembre\/wp-json\/wp\/v2\/posts\/3200\/revisions"}],"predecessor-version":[{"id":3202,"href":"https:\/\/agora.xtec.cat\/ceip-onzedesetembre\/wp-json\/wp\/v2\/posts\/3200\/revisions\/3202"}],"wp:attachment":[{"href":"https:\/\/agora.xtec.cat\/ceip-onzedesetembre\/wp-json\/wp\/v2\/media?parent=3200"}],"wp:term":[{"taxonomy":"category","embeddable":true,"href":"https:\/\/agora.xtec.cat\/ceip-onzedesetembre\/wp-json\/wp\/v2\/categories?post=3200"},{"taxonomy":"post_tag","embeddable":true,"href":"https:\/\/agora.xtec.cat\/ceip-onzedesetembre\/wp-json\/wp\/v2\/tags?post=3200"}],"curies":[{"name":"wp","href":"https:\/\/api.w.org\/{rel}","templated":true}]}}