{"id":3180,"date":"2025-02-19T14:10:33","date_gmt":"2025-02-19T13:10:33","guid":{"rendered":"https:\/\/agora.xtec.cat\/ceip-onzedesetembre\/?p=3180"},"modified":"2025-03-10T14:23:03","modified_gmt":"2025-03-10T13:23:03","slug":"primers-auxilis","status":"publish","type":"post","link":"https:\/\/agora.xtec.cat\/ceip-onzedesetembre\/general\/primers-auxilis\/","title":{"rendered":"PRIMERS AUXILIS"},"content":{"rendered":"<p>Els alumnes d&#8217;ESO han tingut l&#8217;oportunitat de participar en sessions de primers auxilis, organitzades al centre. Aquestes sessions han estat realitzades per professionals de la Creu Roja formats en el camp de la salut i han perm\u00e8s als estudiants adquirir coneixements pr\u00e0ctics molt valuosos.<\/p>\n<p>Durant les activitats, els alumnes han pogut aprendre t\u00e8cniques b\u00e0siques per actuar davant situacions d&#8217;emerg\u00e8ncia, com ara maniobres de reanimaci\u00f3 cardiorespirat\u00f2ria (RCP), el tractament de ferides o com reaccionar en casos d&#8217;asf\u00edxia, entre d&#8217;altres. A m\u00e9s a m\u00e9s, les sessions han estat dissenyades de manera interactiva, permetent\u00a0 als estudiants la participaci\u00f3\u00a0 activa i una millor comprensi\u00f3 de la import\u00e0ncia de la seguretat i la salut en el seu entorn.<\/p>\n<p>Estem conven\u00e7uts que aquesta formaci\u00f3 no nom\u00e9s els ha aportat coneixements \u00fatils, sin\u00f3 que tamb\u00e9 ha refor\u00e7at la seva confian\u00e7a per saber com actuar davant una emerg\u00e8ncia.<\/p>\n<p>Agra\u00efm la participaci\u00f3 dels professionals, i continuarem treballant per oferir als nostres alumnes experi\u00e8ncies formatives que els ajudin a cr\u00e9ixer com a persones responsables i compromeses amb el benestar col\u00b7lectiu.<\/p>\n<p><a href=\"https:\/\/agora.xtec.cat\/ceip-onzedesetembre\/wp-content\/uploads\/usu702\/2025\/02\/IMG-20250219-WA0002-1.jpg\"><img loading=\"lazy\" decoding=\"async\" class=\"alignnone wp-image-3188\" src=\"https:\/\/agora.xtec.cat\/ceip-onzedesetembre\/wp-content\/uploads\/usu702\/2025\/02\/IMG-20250219-WA0002-1-1024x461.jpg\" alt=\"\" width=\"355\" height=\"160\" srcset=\"https:\/\/agora.xtec.cat\/ceip-onzedesetembre\/wp-content\/uploads\/usu702\/2025\/02\/IMG-20250219-WA0002-1-1024x461.jpg 1024w, https:\/\/agora.xtec.cat\/ceip-onzedesetembre\/wp-content\/uploads\/usu702\/2025\/02\/IMG-20250219-WA0002-1-300x135.jpg 300w, https:\/\/agora.xtec.cat\/ceip-onzedesetembre\/wp-content\/uploads\/usu702\/2025\/02\/IMG-20250219-WA0002-1-768x346.jpg 768w, https:\/\/agora.xtec.cat\/ceip-onzedesetembre\/wp-content\/uploads\/usu702\/2025\/02\/IMG-20250219-WA0002-1-1536x691.jpg 1536w, https:\/\/agora.xtec.cat\/ceip-onzedesetembre\/wp-content\/uploads\/usu702\/2025\/02\/IMG-20250219-WA0002-1.jpg 2000w\" sizes=\"auto, (max-width: 355px) 100vw, 355px\" \/><\/a><a href=\"https:\/\/agora.xtec.cat\/ceip-onzedesetembre\/wp-content\/uploads\/usu702\/2025\/02\/IMG-20250219-WA0001.jpg\"><img loading=\"lazy\" decoding=\"async\" class=\"alignnone wp-image-3187\" src=\"https:\/\/agora.xtec.cat\/ceip-onzedesetembre\/wp-content\/uploads\/usu702\/2025\/02\/IMG-20250219-WA0001-1024x461.jpg\" alt=\"\" width=\"351\" height=\"158\" srcset=\"https:\/\/agora.xtec.cat\/ceip-onzedesetembre\/wp-content\/uploads\/usu702\/2025\/02\/IMG-20250219-WA0001-1024x461.jpg 1024w, https:\/\/agora.xtec.cat\/ceip-onzedesetembre\/wp-content\/uploads\/usu702\/2025\/02\/IMG-20250219-WA0001-300x135.jpg 300w, https:\/\/agora.xtec.cat\/ceip-onzedesetembre\/wp-content\/uploads\/usu702\/2025\/02\/IMG-20250219-WA0001-768x346.jpg 768w, https:\/\/agora.xtec.cat\/ceip-onzedesetembre\/wp-content\/uploads\/usu702\/2025\/02\/IMG-20250219-WA0001-1536x691.jpg 1536w, https:\/\/agora.xtec.cat\/ceip-onzedesetembre\/wp-content\/uploads\/usu702\/2025\/02\/IMG-20250219-WA0001.jpg 2000w\" sizes=\"auto, (max-width: 351px) 100vw, 351px\" \/><\/a><\/p>\n","protected":false},"excerpt":{"rendered":"<p>Els alumnes d&#8217;ESO han tingut l&#8217;oportunitat de participar en sessions de primers auxilis, organitzades al centre. Aquestes sessions han estat realitzades per professionals de la Creu Roja formats en el camp de la salut i han perm\u00e8s als estudiants adquirir coneixements pr\u00e0ctics molt valuosos.<br \/>\nDurant les&hellip;  <a href=\"https:\/\/agora.xtec.cat\/ceip-onzedesetembre\/general\/primers-auxilis\/\" title=\"Read PRIMERS AUXILIS\">Llegeix m\u00e9s\u00bb<\/a><\/p>\n","protected":false},"author":5,"featured_media":0,"comment_status":"closed","ping_status":"closed","sticky":true,"template":"","format":"standard","meta":{"_bbp_topic_count":0,"_bbp_reply_count":0,"_bbp_total_topic_count":0,"_bbp_total_reply_count":0,"_bbp_voice_count":0,"_bbp_anonymous_reply_count":0,"_bbp_topic_count_hidden":0,"_bbp_reply_count_hidden":0,"_bbp_forum_subforum_count":0,"footnotes":""},"categories":[7,1,2,4,5,49],"tags":[],"class_list":["post-3180","post","type-post","status-publish","format-standard","hentry","category-ampa","category-general","category-infantil","category-portada","category-primaria","category-secundaria"],"post_mailing_queue_ids":[],"_links":{"self":[{"href":"https:\/\/agora.xtec.cat\/ceip-onzedesetembre\/wp-json\/wp\/v2\/posts\/3180","targetHints":{"allow":["GET"]}}],"collection":[{"href":"https:\/\/agora.xtec.cat\/ceip-onzedesetembre\/wp-json\/wp\/v2\/posts"}],"about":[{"href":"https:\/\/agora.xtec.cat\/ceip-onzedesetembre\/wp-json\/wp\/v2\/types\/post"}],"author":[{"embeddable":true,"href":"https:\/\/agora.xtec.cat\/ceip-onzedesetembre\/wp-json\/wp\/v2\/users\/5"}],"replies":[{"embeddable":true,"href":"https:\/\/agora.xtec.cat\/ceip-onzedesetembre\/wp-json\/wp\/v2\/comments?post=3180"}],"version-history":[{"count":3,"href":"https:\/\/agora.xtec.cat\/ceip-onzedesetembre\/wp-json\/wp\/v2\/posts\/3180\/revisions"}],"predecessor-version":[{"id":3224,"href":"https:\/\/agora.xtec.cat\/ceip-onzedesetembre\/wp-json\/wp\/v2\/posts\/3180\/revisions\/3224"}],"wp:attachment":[{"href":"https:\/\/agora.xtec.cat\/ceip-onzedesetembre\/wp-json\/wp\/v2\/media?parent=3180"}],"wp:term":[{"taxonomy":"category","embeddable":true,"href":"https:\/\/agora.xtec.cat\/ceip-onzedesetembre\/wp-json\/wp\/v2\/categories?post=3180"},{"taxonomy":"post_tag","embeddable":true,"href":"https:\/\/agora.xtec.cat\/ceip-onzedesetembre\/wp-json\/wp\/v2\/tags?post=3180"}],"curies":[{"name":"wp","href":"https:\/\/api.w.org\/{rel}","templated":true}]}}