{"id":3164,"date":"2025-01-14T13:07:00","date_gmt":"2025-01-14T12:07:00","guid":{"rendered":"https:\/\/agora.xtec.cat\/ceip-onzedesetembre\/?p=3164"},"modified":"2025-01-14T13:07:00","modified_gmt":"2025-01-14T12:07:00","slug":"intercanvi-linguistic-cite-scolaire-moliere","status":"publish","type":"post","link":"https:\/\/agora.xtec.cat\/ceip-onzedesetembre\/general\/intercanvi-linguistic-cite-scolaire-moliere\/","title":{"rendered":"Intercanvi ling\u00fc\u00edstic Cit\u00e9 Scolaire Moli\u00e9re"},"content":{"rendered":"<p>Intercanvi ling\u00fc\u00edstic Cit\u00e9 Scolaire Moli\u00e8re<\/p>\n<p>Arranquem el 2025 amb el projecte d\u2019intercanvi ling\u00fc\u00edstic de Cit\u00e9 scolaire Moli\u00e8re de Par\u00eds. Des de l\u2019assignatura de franc\u00e8s, els alumnes de 2n de l\u2019ESO iniciaran el primer contacte per escrit amb l\u2019alumnat del centre de Par\u00eds. Aquesta activitat t\u00e9 un objectiu motivador i vivencial on l\u2019alumnat podr\u00e0 posar en pr\u00e0ctica la llengua francesa.<\/p>\n<p style=\"text-align: center;\"><a href=\"https:\/\/agora.xtec.cat\/ceip-onzedesetembre\/wp-content\/uploads\/usu702\/2025\/01\/unnamed.png\"><img loading=\"lazy\" decoding=\"async\" class=\"alignnone size-full wp-image-3163\" src=\"https:\/\/agora.xtec.cat\/ceip-onzedesetembre\/wp-content\/uploads\/usu702\/2025\/01\/unnamed.png\" alt=\"\" width=\"266\" height=\"266\" srcset=\"https:\/\/agora.xtec.cat\/ceip-onzedesetembre\/wp-content\/uploads\/usu702\/2025\/01\/unnamed.png 266w, https:\/\/agora.xtec.cat\/ceip-onzedesetembre\/wp-content\/uploads\/usu702\/2025\/01\/unnamed-150x150.png 150w\" sizes=\"auto, (max-width: 266px) 100vw, 266px\" \/><\/a><\/p>\n","protected":false},"excerpt":{"rendered":"<p>Intercanvi ling\u00fc\u00edstic Cit\u00e9 Scolaire Moli\u00e8re<br \/>\nArranquem el 2025 amb el projecte d\u2019intercanvi ling\u00fc\u00edstic de Cit\u00e9 scolaire Moli\u00e8re de Par\u00eds. Des de l\u2019assignatura de franc\u00e8s, els alumnes de 2n de l\u2019ESO iniciaran el primer contacte per escrit amb l\u2019alumnat del centre de Par\u00eds. Aquesta activitat t\u00e9 un&hellip;  <a href=\"https:\/\/agora.xtec.cat\/ceip-onzedesetembre\/general\/intercanvi-linguistic-cite-scolaire-moliere\/\" title=\"Read Intercanvi ling\u00fc\u00edstic Cit\u00e9 Scolaire Moli\u00e9re\">Llegeix m\u00e9s\u00bb<\/a><\/p>\n","protected":false},"author":5,"featured_media":0,"comment_status":"open","ping_status":"closed","sticky":true,"template":"","format":"standard","meta":{"_bbp_topic_count":0,"_bbp_reply_count":0,"_bbp_total_topic_count":0,"_bbp_total_reply_count":0,"_bbp_voice_count":0,"_bbp_anonymous_reply_count":0,"_bbp_topic_count_hidden":0,"_bbp_reply_count_hidden":0,"_bbp_forum_subforum_count":0,"footnotes":""},"categories":[7,1,2,4,5,49],"tags":[],"class_list":["post-3164","post","type-post","status-publish","format-standard","hentry","category-ampa","category-general","category-infantil","category-portada","category-primaria","category-secundaria"],"post_mailing_queue_ids":[],"_links":{"self":[{"href":"https:\/\/agora.xtec.cat\/ceip-onzedesetembre\/wp-json\/wp\/v2\/posts\/3164","targetHints":{"allow":["GET"]}}],"collection":[{"href":"https:\/\/agora.xtec.cat\/ceip-onzedesetembre\/wp-json\/wp\/v2\/posts"}],"about":[{"href":"https:\/\/agora.xtec.cat\/ceip-onzedesetembre\/wp-json\/wp\/v2\/types\/post"}],"author":[{"embeddable":true,"href":"https:\/\/agora.xtec.cat\/ceip-onzedesetembre\/wp-json\/wp\/v2\/users\/5"}],"replies":[{"embeddable":true,"href":"https:\/\/agora.xtec.cat\/ceip-onzedesetembre\/wp-json\/wp\/v2\/comments?post=3164"}],"version-history":[{"count":1,"href":"https:\/\/agora.xtec.cat\/ceip-onzedesetembre\/wp-json\/wp\/v2\/posts\/3164\/revisions"}],"predecessor-version":[{"id":3165,"href":"https:\/\/agora.xtec.cat\/ceip-onzedesetembre\/wp-json\/wp\/v2\/posts\/3164\/revisions\/3165"}],"wp:attachment":[{"href":"https:\/\/agora.xtec.cat\/ceip-onzedesetembre\/wp-json\/wp\/v2\/media?parent=3164"}],"wp:term":[{"taxonomy":"category","embeddable":true,"href":"https:\/\/agora.xtec.cat\/ceip-onzedesetembre\/wp-json\/wp\/v2\/categories?post=3164"},{"taxonomy":"post_tag","embeddable":true,"href":"https:\/\/agora.xtec.cat\/ceip-onzedesetembre\/wp-json\/wp\/v2\/tags?post=3164"}],"curies":[{"name":"wp","href":"https:\/\/api.w.org\/{rel}","templated":true}]}}