{"id":3096,"date":"2024-11-13T22:27:50","date_gmt":"2024-11-13T21:27:50","guid":{"rendered":"https:\/\/agora.xtec.cat\/ceip-onzedesetembre\/?p=3096"},"modified":"2024-11-13T23:03:44","modified_gmt":"2024-11-13T22:03:44","slug":"consell-dinfants-de-sant-quirze-del-valles-2024-2025","status":"publish","type":"post","link":"https:\/\/agora.xtec.cat\/ceip-onzedesetembre\/general\/consell-dinfants-de-sant-quirze-del-valles-2024-2025\/","title":{"rendered":"CONSELL D&#8217;INFANTS DE SANT QUIRZE DEL VALL\u00c8S 2024-25"},"content":{"rendered":"<p style=\"text-align: left;\">Ja comen\u00e7a el Consell d&#8217;Infants de Sant Quirze del Vall\u00e8s del curs 2024-2025!<\/p>\n<p style=\"text-align: left;\">El dilluns 11 de novembre ha tingut lloc la primera sessi\u00f3 del Consell, les nostres conselleres i assessores de cinqu\u00e8 i sis\u00e8 de l&#8217;Onze juntament amb altres infants han fet l&#8217;acte p\u00fablic de constituci\u00f3 a la Patronal. Seguim treballant i proposant idees per millorar el nostre poble!<\/p>\n<p><a href=\"https:\/\/agora.xtec.cat\/ceip-onzedesetembre\/wp-content\/uploads\/usu702\/2024\/11\/IMG-20241113-WA0017.jpg\"><img loading=\"lazy\" decoding=\"async\" class=\"wp-image-3095 aligncenter\" src=\"https:\/\/agora.xtec.cat\/ceip-onzedesetembre\/wp-content\/uploads\/usu702\/2024\/11\/IMG-20241113-WA0017-1024x853.jpg\" alt=\"\" width=\"296\" height=\"247\" srcset=\"https:\/\/agora.xtec.cat\/ceip-onzedesetembre\/wp-content\/uploads\/usu702\/2024\/11\/IMG-20241113-WA0017-1024x853.jpg 1024w, https:\/\/agora.xtec.cat\/ceip-onzedesetembre\/wp-content\/uploads\/usu702\/2024\/11\/IMG-20241113-WA0017-300x250.jpg 300w, https:\/\/agora.xtec.cat\/ceip-onzedesetembre\/wp-content\/uploads\/usu702\/2024\/11\/IMG-20241113-WA0017-768x640.jpg 768w, https:\/\/agora.xtec.cat\/ceip-onzedesetembre\/wp-content\/uploads\/usu702\/2024\/11\/IMG-20241113-WA0017-1536x1280.jpg 1536w, https:\/\/agora.xtec.cat\/ceip-onzedesetembre\/wp-content\/uploads\/usu702\/2024\/11\/IMG-20241113-WA0017.jpg 1600w\" sizes=\"auto, (max-width: 296px) 100vw, 296px\" \/><\/a> <a href=\"https:\/\/agora.xtec.cat\/ceip-onzedesetembre\/wp-content\/uploads\/usu702\/2024\/11\/IMG-20241113-WA0016.jpg\"><img loading=\"lazy\" decoding=\"async\" class=\"wp-image-3094 aligncenter\" src=\"https:\/\/agora.xtec.cat\/ceip-onzedesetembre\/wp-content\/uploads\/usu702\/2024\/11\/IMG-20241113-WA0016-1024x768.jpg\" alt=\"\" width=\"298\" height=\"223\" srcset=\"https:\/\/agora.xtec.cat\/ceip-onzedesetembre\/wp-content\/uploads\/usu702\/2024\/11\/IMG-20241113-WA0016-1024x768.jpg 1024w, https:\/\/agora.xtec.cat\/ceip-onzedesetembre\/wp-content\/uploads\/usu702\/2024\/11\/IMG-20241113-WA0016-300x225.jpg 300w, https:\/\/agora.xtec.cat\/ceip-onzedesetembre\/wp-content\/uploads\/usu702\/2024\/11\/IMG-20241113-WA0016-768x576.jpg 768w, https:\/\/agora.xtec.cat\/ceip-onzedesetembre\/wp-content\/uploads\/usu702\/2024\/11\/IMG-20241113-WA0016-1536x1152.jpg 1536w, https:\/\/agora.xtec.cat\/ceip-onzedesetembre\/wp-content\/uploads\/usu702\/2024\/11\/IMG-20241113-WA0016-200x150.jpg 200w, https:\/\/agora.xtec.cat\/ceip-onzedesetembre\/wp-content\/uploads\/usu702\/2024\/11\/IMG-20241113-WA0016.jpg 1600w\" sizes=\"auto, (max-width: 298px) 100vw, 298px\" \/><\/a><\/p>\n","protected":false},"excerpt":{"rendered":"<p>Ja comen\u00e7a el Consell d&#8217;Infants de Sant Quirze del Vall\u00e8s del curs 2024-2025!<br \/>\nEl dilluns 11 de novembre ha tingut lloc la primera sessi\u00f3 del Consell, les nostres conselleres i assessores de cinqu\u00e8 i sis\u00e8 de l&#8217;Onze juntament amb altres infants han fet l&#8217;acte p\u00fablic de&hellip;  <a href=\"https:\/\/agora.xtec.cat\/ceip-onzedesetembre\/general\/consell-dinfants-de-sant-quirze-del-valles-2024-2025\/\" title=\"Read CONSELL D&#8217;INFANTS DE SANT QUIRZE DEL VALL\u00c8S 2024-25\">Llegeix m\u00e9s\u00bb<\/a><\/p>\n","protected":false},"author":5,"featured_media":0,"comment_status":"closed","ping_status":"closed","sticky":true,"template":"","format":"standard","meta":{"_bbp_topic_count":0,"_bbp_reply_count":0,"_bbp_total_topic_count":0,"_bbp_total_reply_count":0,"_bbp_voice_count":0,"_bbp_anonymous_reply_count":0,"_bbp_topic_count_hidden":0,"_bbp_reply_count_hidden":0,"_bbp_forum_subforum_count":0,"footnotes":""},"categories":[7,1,2,4,5,49],"tags":[],"class_list":["post-3096","post","type-post","status-publish","format-standard","hentry","category-ampa","category-general","category-infantil","category-portada","category-primaria","category-secundaria"],"post_mailing_queue_ids":[],"_links":{"self":[{"href":"https:\/\/agora.xtec.cat\/ceip-onzedesetembre\/wp-json\/wp\/v2\/posts\/3096","targetHints":{"allow":["GET"]}}],"collection":[{"href":"https:\/\/agora.xtec.cat\/ceip-onzedesetembre\/wp-json\/wp\/v2\/posts"}],"about":[{"href":"https:\/\/agora.xtec.cat\/ceip-onzedesetembre\/wp-json\/wp\/v2\/types\/post"}],"author":[{"embeddable":true,"href":"https:\/\/agora.xtec.cat\/ceip-onzedesetembre\/wp-json\/wp\/v2\/users\/5"}],"replies":[{"embeddable":true,"href":"https:\/\/agora.xtec.cat\/ceip-onzedesetembre\/wp-json\/wp\/v2\/comments?post=3096"}],"version-history":[{"count":5,"href":"https:\/\/agora.xtec.cat\/ceip-onzedesetembre\/wp-json\/wp\/v2\/posts\/3096\/revisions"}],"predecessor-version":[{"id":3105,"href":"https:\/\/agora.xtec.cat\/ceip-onzedesetembre\/wp-json\/wp\/v2\/posts\/3096\/revisions\/3105"}],"wp:attachment":[{"href":"https:\/\/agora.xtec.cat\/ceip-onzedesetembre\/wp-json\/wp\/v2\/media?parent=3096"}],"wp:term":[{"taxonomy":"category","embeddable":true,"href":"https:\/\/agora.xtec.cat\/ceip-onzedesetembre\/wp-json\/wp\/v2\/categories?post=3096"},{"taxonomy":"post_tag","embeddable":true,"href":"https:\/\/agora.xtec.cat\/ceip-onzedesetembre\/wp-json\/wp\/v2\/tags?post=3096"}],"curies":[{"name":"wp","href":"https:\/\/api.w.org\/{rel}","templated":true}]}}