{"id":3036,"date":"2024-09-17T13:07:47","date_gmt":"2024-09-17T11:07:47","guid":{"rendered":"https:\/\/agora.xtec.cat\/ceip-onzedesetembre\/?p=3036"},"modified":"2024-09-17T13:07:47","modified_gmt":"2024-09-17T11:07:47","slug":"decaleg-de-bones-practiques-educatives-des-de-casa","status":"publish","type":"post","link":"https:\/\/agora.xtec.cat\/ceip-onzedesetembre\/general\/decaleg-de-bones-practiques-educatives-des-de-casa\/","title":{"rendered":"DEC\u00c0LEG DE BONES PR\u00c0CTIQUES EDUCATIVES DES DE CASA"},"content":{"rendered":"<p>Infants i joves de Sant Quirze del Vall\u00e8s ens expliquen el dec\u00e0leg de bones pr\u00e0ctiques educatives des de casa.<\/p>\n<p>Clica <a href=\"https:\/\/we.tl\/t-euOUKMtnLZ\">l&#8217;enlla\u00e7<\/a> per visualitzar el v\u00eddeo.<\/p>\n","protected":false},"excerpt":{"rendered":"<p>Infants i joves de Sant Quirze del Vall\u00e8s ens expliquen el dec\u00e0leg de bones pr\u00e0ctiques educatives des de casa.<br \/>\nClica <a href=\"https:\/\/we.tl\/t-euOUKMtnLZ\">l&#8217;enlla\u00e7<\/a> per visualitzar el v\u00eddeo.<\/p>\n","protected":false},"author":5,"featured_media":0,"comment_status":"closed","ping_status":"closed","sticky":true,"template":"","format":"standard","meta":{"_bbp_topic_count":0,"_bbp_reply_count":0,"_bbp_total_topic_count":0,"_bbp_total_reply_count":0,"_bbp_voice_count":0,"_bbp_anonymous_reply_count":0,"_bbp_topic_count_hidden":0,"_bbp_reply_count_hidden":0,"_bbp_forum_subforum_count":0,"footnotes":""},"categories":[7,1,2,4,5,49],"tags":[],"class_list":["post-3036","post","type-post","status-publish","format-standard","hentry","category-ampa","category-general","category-infantil","category-portada","category-primaria","category-secundaria"],"post_mailing_queue_ids":[],"_links":{"self":[{"href":"https:\/\/agora.xtec.cat\/ceip-onzedesetembre\/wp-json\/wp\/v2\/posts\/3036","targetHints":{"allow":["GET"]}}],"collection":[{"href":"https:\/\/agora.xtec.cat\/ceip-onzedesetembre\/wp-json\/wp\/v2\/posts"}],"about":[{"href":"https:\/\/agora.xtec.cat\/ceip-onzedesetembre\/wp-json\/wp\/v2\/types\/post"}],"author":[{"embeddable":true,"href":"https:\/\/agora.xtec.cat\/ceip-onzedesetembre\/wp-json\/wp\/v2\/users\/5"}],"replies":[{"embeddable":true,"href":"https:\/\/agora.xtec.cat\/ceip-onzedesetembre\/wp-json\/wp\/v2\/comments?post=3036"}],"version-history":[{"count":1,"href":"https:\/\/agora.xtec.cat\/ceip-onzedesetembre\/wp-json\/wp\/v2\/posts\/3036\/revisions"}],"predecessor-version":[{"id":3037,"href":"https:\/\/agora.xtec.cat\/ceip-onzedesetembre\/wp-json\/wp\/v2\/posts\/3036\/revisions\/3037"}],"wp:attachment":[{"href":"https:\/\/agora.xtec.cat\/ceip-onzedesetembre\/wp-json\/wp\/v2\/media?parent=3036"}],"wp:term":[{"taxonomy":"category","embeddable":true,"href":"https:\/\/agora.xtec.cat\/ceip-onzedesetembre\/wp-json\/wp\/v2\/categories?post=3036"},{"taxonomy":"post_tag","embeddable":true,"href":"https:\/\/agora.xtec.cat\/ceip-onzedesetembre\/wp-json\/wp\/v2\/tags?post=3036"}],"curies":[{"name":"wp","href":"https:\/\/api.w.org\/{rel}","templated":true}]}}