{"id":2987,"date":"2024-06-11T09:27:27","date_gmt":"2024-06-11T07:27:27","guid":{"rendered":"https:\/\/agora.xtec.cat\/ceip-onzedesetembre\/?p=2987"},"modified":"2024-06-19T09:55:42","modified_gmt":"2024-06-19T07:55:42","slug":"fem-radio-al-cicle-superior","status":"publish","type":"post","link":"https:\/\/agora.xtec.cat\/ceip-onzedesetembre\/general\/fem-radio-al-cicle-superior\/","title":{"rendered":"Fem r\u00e0dio al cicle superior."},"content":{"rendered":"<p>Els alumnes de cinqu\u00e8 i sis\u00e8 de prim\u00e0ria, en el marc del projecte \u201cLa r\u00e0dio a l&#8217;escola\u201d, hem estat elaborant al llarg dels darrers mesos un programa de r\u00e0dio. Ens hem informat sobre els diferents g\u00e8neres (informatius, concurs, dram\u00e0tic, radiof\u00f3rmula, divulgatiu, falques publicit\u00e0ries, entrevistes&#8230;), hem escrit els guions, hem fet l&#8217;escaleta, hem cercat i editat els sons i efectes sonors necessaris, hem assajat i, finalment, hem anat a l&#8217;emissora de \u201cR\u00e0dio Sant Quirze\u201d a locutar el nostre programa.\u00a0 Aqu\u00ed teniu el resultat. Esperem que us agradi.<\/p>\n<p>\u00b7 <a href=\"https:\/\/drive.google.com\/file\/d\/195vsWZ8g-yTqbxyT6aY3hOBFKbGo2oR5\/view?usp=drive_link\">Cinqu\u00e8 A. d&#8217;educaci\u00f3 prim\u00e0ria<\/a>.<\/p>\n<p>\u00b7 <a href=\"https:\/\/drive.google.com\/file\/d\/1_yESZEgJ108diPsTkyBQoPgSvKj1sCA4\/view?usp=drive_link\">Cinqu\u00e8 B. d&#8217;educaci\u00f3 prim\u00e0ria<\/a>.<\/p>\n<p>\u00b7 <a href=\"https:\/\/drive.google.com\/file\/d\/10TVmaUXNQerdarrHR2lseRy4gyegiP0S\/view?usp=drive_link\">Sis\u00e8 d&#8217;educaci\u00f3 prim\u00e0ria<\/a>.<\/p>\n<p><a href=\"https:\/\/agora.xtec.cat\/ceip-onzedesetembre\/wp-content\/uploads\/usu702\/2024\/06\/La-radio-a-lescola_web.png\"><img loading=\"lazy\" decoding=\"async\" class=\"aligncenter size-full wp-image-2988\" src=\"https:\/\/agora.xtec.cat\/ceip-onzedesetembre\/wp-content\/uploads\/usu702\/2024\/06\/La-radio-a-lescola_web.png\" alt=\"\" width=\"798\" height=\"300\" srcset=\"https:\/\/agora.xtec.cat\/ceip-onzedesetembre\/wp-content\/uploads\/usu702\/2024\/06\/La-radio-a-lescola_web.png 798w, https:\/\/agora.xtec.cat\/ceip-onzedesetembre\/wp-content\/uploads\/usu702\/2024\/06\/La-radio-a-lescola_web-300x113.png 300w, https:\/\/agora.xtec.cat\/ceip-onzedesetembre\/wp-content\/uploads\/usu702\/2024\/06\/La-radio-a-lescola_web-768x289.png 768w\" sizes=\"auto, (max-width: 798px) 100vw, 798px\" \/><\/a><\/p>\n","protected":false},"excerpt":{"rendered":"<p>Els alumnes de cinqu\u00e8 i sis\u00e8 de prim\u00e0ria, en el marc del projecte \u201cLa r\u00e0dio a l&#8217;escola\u201d, hem estat elaborant al llarg dels darrers mesos un programa de r\u00e0dio. Ens hem informat sobre els diferents g\u00e8neres (informatius, concurs, dram\u00e0tic, radiof\u00f3rmula, divulgatiu, falques publicit\u00e0ries, entrevistes&#8230;), hem&hellip;  <a href=\"https:\/\/agora.xtec.cat\/ceip-onzedesetembre\/general\/fem-radio-al-cicle-superior\/\" title=\"Read Fem r\u00e0dio al cicle superior.\">Llegeix m\u00e9s\u00bb<\/a><\/p>\n","protected":false},"author":3,"featured_media":0,"comment_status":"open","ping_status":"closed","sticky":true,"template":"","format":"standard","meta":{"_bbp_topic_count":0,"_bbp_reply_count":0,"_bbp_total_topic_count":0,"_bbp_total_reply_count":0,"_bbp_voice_count":0,"_bbp_anonymous_reply_count":0,"_bbp_topic_count_hidden":0,"_bbp_reply_count_hidden":0,"_bbp_forum_subforum_count":0,"footnotes":""},"categories":[7,1,2,4,5,49],"tags":[],"class_list":["post-2987","post","type-post","status-publish","format-standard","hentry","category-ampa","category-general","category-infantil","category-portada","category-primaria","category-secundaria"],"post_mailing_queue_ids":[],"_links":{"self":[{"href":"https:\/\/agora.xtec.cat\/ceip-onzedesetembre\/wp-json\/wp\/v2\/posts\/2987","targetHints":{"allow":["GET"]}}],"collection":[{"href":"https:\/\/agora.xtec.cat\/ceip-onzedesetembre\/wp-json\/wp\/v2\/posts"}],"about":[{"href":"https:\/\/agora.xtec.cat\/ceip-onzedesetembre\/wp-json\/wp\/v2\/types\/post"}],"author":[{"embeddable":true,"href":"https:\/\/agora.xtec.cat\/ceip-onzedesetembre\/wp-json\/wp\/v2\/users\/3"}],"replies":[{"embeddable":true,"href":"https:\/\/agora.xtec.cat\/ceip-onzedesetembre\/wp-json\/wp\/v2\/comments?post=2987"}],"version-history":[{"count":1,"href":"https:\/\/agora.xtec.cat\/ceip-onzedesetembre\/wp-json\/wp\/v2\/posts\/2987\/revisions"}],"predecessor-version":[{"id":2989,"href":"https:\/\/agora.xtec.cat\/ceip-onzedesetembre\/wp-json\/wp\/v2\/posts\/2987\/revisions\/2989"}],"wp:attachment":[{"href":"https:\/\/agora.xtec.cat\/ceip-onzedesetembre\/wp-json\/wp\/v2\/media?parent=2987"}],"wp:term":[{"taxonomy":"category","embeddable":true,"href":"https:\/\/agora.xtec.cat\/ceip-onzedesetembre\/wp-json\/wp\/v2\/categories?post=2987"},{"taxonomy":"post_tag","embeddable":true,"href":"https:\/\/agora.xtec.cat\/ceip-onzedesetembre\/wp-json\/wp\/v2\/tags?post=2987"}],"curies":[{"name":"wp","href":"https:\/\/api.w.org\/{rel}","templated":true}]}}