{"id":2934,"date":"2024-05-06T10:47:15","date_gmt":"2024-05-06T08:47:15","guid":{"rendered":"https:\/\/agora.xtec.cat\/ceip-onzedesetembre\/?p=2934"},"modified":"2024-05-13T16:11:11","modified_gmt":"2024-05-13T14:11:11","slug":"taller-1r-eso-existeixen-els-cossos-perfectes","status":"publish","type":"post","link":"https:\/\/agora.xtec.cat\/ceip-onzedesetembre\/general\/taller-1r-eso-existeixen-els-cossos-perfectes\/","title":{"rendered":"TALLER 1r ESO: EXISTEIXEN ELS COSSOS PERFECTES?"},"content":{"rendered":"<div style=\"text-align: left;\">El dijous dia 11d&#8217;abril\u00a0 es va realitzar un taller a 1r d&#8217;ESO des de l&#8217;Associaci\u00f3 Contra l&#8217;Anor\u00e8xia i la<\/div>\n<div style=\"text-align: justify;\"><\/div>\n<div><\/div>\n<div style=\"text-align: justify;\">Bul\u00edmia amb el programa de prevenci\u00f3 i promoci\u00f3 de la salut.<\/div>\n<div style=\"text-align: justify;\"><\/div>\n<div><\/div>\n<div style=\"text-align: justify;\">Aquest taller el va gravar TV3 i ser\u00e0 emet per INFO K (programa de divulgaci\u00f3 dirigit a un p\u00fablic<\/div>\n<div style=\"text-align: justify;\"><\/div>\n<div><\/div>\n<div style=\"text-align: justify;\">infantil o juvenil de TV3).<\/div>\n<div style=\"text-align: justify;\"><\/div>\n<div><\/div>\n<div style=\"text-align: justify;\">Aquest \u00e9s l&#8217;<a href=\"https:\/\/www.ccma.cat\/tv3\/sx3\/30042024\/video\/6279763\/#onboarding=true\">enlla\u00e7<\/a> per poder veure el programa.<\/div>\n","protected":false},"excerpt":{"rendered":"<p>El dijous dia 11d&#8217;abril\u00a0 es va realitzar un taller a 1r d&#8217;ESO des de l&#8217;Associaci\u00f3 Contra l&#8217;Anor\u00e8xia i la<\/p>\n<p>Bul\u00edmia amb el programa de prevenci\u00f3 i promoci\u00f3 de la salut.<\/p>\n<p>Aquest taller el va gravar TV3 i ser\u00e0 emet per INFO K (programa de divulgaci\u00f3 dirigit a&hellip;  <a href=\"https:\/\/agora.xtec.cat\/ceip-onzedesetembre\/general\/taller-1r-eso-existeixen-els-cossos-perfectes\/\" title=\"Read TALLER 1r ESO: EXISTEIXEN ELS COSSOS PERFECTES?\">Llegeix m\u00e9s\u00bb<\/a><\/p>\n","protected":false},"author":5,"featured_media":0,"comment_status":"closed","ping_status":"closed","sticky":true,"template":"","format":"standard","meta":{"_bbp_topic_count":0,"_bbp_reply_count":0,"_bbp_total_topic_count":0,"_bbp_total_reply_count":0,"_bbp_voice_count":0,"_bbp_anonymous_reply_count":0,"_bbp_topic_count_hidden":0,"_bbp_reply_count_hidden":0,"_bbp_forum_subforum_count":0,"footnotes":""},"categories":[7,1,2,4,5,49],"tags":[],"class_list":["post-2934","post","type-post","status-publish","format-standard","hentry","category-ampa","category-general","category-infantil","category-portada","category-primaria","category-secundaria"],"post_mailing_queue_ids":[],"_links":{"self":[{"href":"https:\/\/agora.xtec.cat\/ceip-onzedesetembre\/wp-json\/wp\/v2\/posts\/2934","targetHints":{"allow":["GET"]}}],"collection":[{"href":"https:\/\/agora.xtec.cat\/ceip-onzedesetembre\/wp-json\/wp\/v2\/posts"}],"about":[{"href":"https:\/\/agora.xtec.cat\/ceip-onzedesetembre\/wp-json\/wp\/v2\/types\/post"}],"author":[{"embeddable":true,"href":"https:\/\/agora.xtec.cat\/ceip-onzedesetembre\/wp-json\/wp\/v2\/users\/5"}],"replies":[{"embeddable":true,"href":"https:\/\/agora.xtec.cat\/ceip-onzedesetembre\/wp-json\/wp\/v2\/comments?post=2934"}],"version-history":[{"count":6,"href":"https:\/\/agora.xtec.cat\/ceip-onzedesetembre\/wp-json\/wp\/v2\/posts\/2934\/revisions"}],"predecessor-version":[{"id":2943,"href":"https:\/\/agora.xtec.cat\/ceip-onzedesetembre\/wp-json\/wp\/v2\/posts\/2934\/revisions\/2943"}],"wp:attachment":[{"href":"https:\/\/agora.xtec.cat\/ceip-onzedesetembre\/wp-json\/wp\/v2\/media?parent=2934"}],"wp:term":[{"taxonomy":"category","embeddable":true,"href":"https:\/\/agora.xtec.cat\/ceip-onzedesetembre\/wp-json\/wp\/v2\/categories?post=2934"},{"taxonomy":"post_tag","embeddable":true,"href":"https:\/\/agora.xtec.cat\/ceip-onzedesetembre\/wp-json\/wp\/v2\/tags?post=2934"}],"curies":[{"name":"wp","href":"https:\/\/api.w.org\/{rel}","templated":true}]}}