{"id":2891,"date":"2024-03-22T08:46:02","date_gmt":"2024-03-22T07:46:02","guid":{"rendered":"https:\/\/agora.xtec.cat\/ceip-onzedesetembre\/?p=2891"},"modified":"2024-03-22T08:46:40","modified_gmt":"2024-03-22T07:46:40","slug":"reunio-de-delegats-i-delegades","status":"publish","type":"post","link":"https:\/\/agora.xtec.cat\/ceip-onzedesetembre\/general\/reunio-de-delegats-i-delegades\/","title":{"rendered":"REUNI\u00d3 DE DELEGATS I DELEGADES"},"content":{"rendered":"<p style=\"text-align: left;\">El passat divendres 15 de mar\u00e7 els delegats\/des de prim\u00e0ria de la nostra escola van tenir la primera reuni\u00f3 conjunta d&#8217;aquest curs. Els alumnes van aportar totes les idees treballades a les aules per fer m\u00e9s sostenible el centre. L&#8217;objectiu d&#8217;aquesta trobada ha estat incentivar el reciclatge a l&#8217;Onze. Ara toca treballar per posar en pr\u00e0ctica tots els acords de la reuni\u00f3.<\/p>\n<p><a href=\"https:\/\/agora.xtec.cat\/ceip-onzedesetembre\/wp-content\/uploads\/usu702\/2024\/03\/IMG-20240320-WA0003.jpg\"><img loading=\"lazy\" decoding=\"async\" class=\"alignnone wp-image-2890\" src=\"https:\/\/agora.xtec.cat\/ceip-onzedesetembre\/wp-content\/uploads\/usu702\/2024\/03\/IMG-20240320-WA0003-932x1024.jpg\" alt=\"\" width=\"339\" height=\"373\" srcset=\"https:\/\/agora.xtec.cat\/ceip-onzedesetembre\/wp-content\/uploads\/usu702\/2024\/03\/IMG-20240320-WA0003-932x1024.jpg 932w, https:\/\/agora.xtec.cat\/ceip-onzedesetembre\/wp-content\/uploads\/usu702\/2024\/03\/IMG-20240320-WA0003-273x300.jpg 273w, https:\/\/agora.xtec.cat\/ceip-onzedesetembre\/wp-content\/uploads\/usu702\/2024\/03\/IMG-20240320-WA0003-768x844.jpg 768w, https:\/\/agora.xtec.cat\/ceip-onzedesetembre\/wp-content\/uploads\/usu702\/2024\/03\/IMG-20240320-WA0003-1398x1536.jpg 1398w, https:\/\/agora.xtec.cat\/ceip-onzedesetembre\/wp-content\/uploads\/usu702\/2024\/03\/IMG-20240320-WA0003.jpg 1864w\" sizes=\"auto, (max-width: 339px) 100vw, 339px\" \/><\/a><a href=\"https:\/\/agora.xtec.cat\/ceip-onzedesetembre\/wp-content\/uploads\/usu702\/2024\/03\/IMG-20240320-WA0002-1.jpg\"><img loading=\"lazy\" decoding=\"async\" class=\"alignnone wp-image-2889\" src=\"https:\/\/agora.xtec.cat\/ceip-onzedesetembre\/wp-content\/uploads\/usu702\/2024\/03\/IMG-20240320-WA0002-1-1024x986.jpg\" alt=\"\" width=\"361\" height=\"348\" srcset=\"https:\/\/agora.xtec.cat\/ceip-onzedesetembre\/wp-content\/uploads\/usu702\/2024\/03\/IMG-20240320-WA0002-1-1024x986.jpg 1024w, https:\/\/agora.xtec.cat\/ceip-onzedesetembre\/wp-content\/uploads\/usu702\/2024\/03\/IMG-20240320-WA0002-1-300x289.jpg 300w, https:\/\/agora.xtec.cat\/ceip-onzedesetembre\/wp-content\/uploads\/usu702\/2024\/03\/IMG-20240320-WA0002-1-768x740.jpg 768w, https:\/\/agora.xtec.cat\/ceip-onzedesetembre\/wp-content\/uploads\/usu702\/2024\/03\/IMG-20240320-WA0002-1-1536x1479.jpg 1536w, https:\/\/agora.xtec.cat\/ceip-onzedesetembre\/wp-content\/uploads\/usu702\/2024\/03\/IMG-20240320-WA0002-1.jpg 2048w\" sizes=\"auto, (max-width: 361px) 100vw, 361px\" \/><\/a><\/p>\n","protected":false},"excerpt":{"rendered":"<p>El passat divendres 15 de mar\u00e7 els delegats\/des de prim\u00e0ria de la nostra escola van tenir la primera reuni\u00f3 conjunta d&#8217;aquest curs. Els alumnes van aportar totes les idees treballades a les aules per fer m\u00e9s sostenible el centre. L&#8217;objectiu d&#8217;aquesta trobada ha estat incentivar&hellip;  <a href=\"https:\/\/agora.xtec.cat\/ceip-onzedesetembre\/general\/reunio-de-delegats-i-delegades\/\" title=\"Read REUNI\u00d3 DE DELEGATS I DELEGADES\">Llegeix m\u00e9s\u00bb<\/a><\/p>\n","protected":false},"author":5,"featured_media":0,"comment_status":"closed","ping_status":"closed","sticky":true,"template":"","format":"standard","meta":{"_bbp_topic_count":0,"_bbp_reply_count":0,"_bbp_total_topic_count":0,"_bbp_total_reply_count":0,"_bbp_voice_count":0,"_bbp_anonymous_reply_count":0,"_bbp_topic_count_hidden":0,"_bbp_reply_count_hidden":0,"_bbp_forum_subforum_count":0,"footnotes":""},"categories":[7,1,2,4,5,49],"tags":[],"class_list":["post-2891","post","type-post","status-publish","format-standard","hentry","category-ampa","category-general","category-infantil","category-portada","category-primaria","category-secundaria"],"post_mailing_queue_ids":[],"_links":{"self":[{"href":"https:\/\/agora.xtec.cat\/ceip-onzedesetembre\/wp-json\/wp\/v2\/posts\/2891","targetHints":{"allow":["GET"]}}],"collection":[{"href":"https:\/\/agora.xtec.cat\/ceip-onzedesetembre\/wp-json\/wp\/v2\/posts"}],"about":[{"href":"https:\/\/agora.xtec.cat\/ceip-onzedesetembre\/wp-json\/wp\/v2\/types\/post"}],"author":[{"embeddable":true,"href":"https:\/\/agora.xtec.cat\/ceip-onzedesetembre\/wp-json\/wp\/v2\/users\/5"}],"replies":[{"embeddable":true,"href":"https:\/\/agora.xtec.cat\/ceip-onzedesetembre\/wp-json\/wp\/v2\/comments?post=2891"}],"version-history":[{"count":2,"href":"https:\/\/agora.xtec.cat\/ceip-onzedesetembre\/wp-json\/wp\/v2\/posts\/2891\/revisions"}],"predecessor-version":[{"id":2893,"href":"https:\/\/agora.xtec.cat\/ceip-onzedesetembre\/wp-json\/wp\/v2\/posts\/2891\/revisions\/2893"}],"wp:attachment":[{"href":"https:\/\/agora.xtec.cat\/ceip-onzedesetembre\/wp-json\/wp\/v2\/media?parent=2891"}],"wp:term":[{"taxonomy":"category","embeddable":true,"href":"https:\/\/agora.xtec.cat\/ceip-onzedesetembre\/wp-json\/wp\/v2\/categories?post=2891"},{"taxonomy":"post_tag","embeddable":true,"href":"https:\/\/agora.xtec.cat\/ceip-onzedesetembre\/wp-json\/wp\/v2\/tags?post=2891"}],"curies":[{"name":"wp","href":"https:\/\/api.w.org\/{rel}","templated":true}]}}