{"id":2868,"date":"2024-02-29T16:55:36","date_gmt":"2024-02-29T15:55:36","guid":{"rendered":"https:\/\/agora.xtec.cat\/ceip-onzedesetembre\/?p=2868"},"modified":"2024-03-05T14:02:40","modified_gmt":"2024-03-05T13:02:40","slug":"preinscripcio-escolar-2024-2025","status":"publish","type":"post","link":"https:\/\/agora.xtec.cat\/ceip-onzedesetembre\/general\/preinscripcio-escolar-2024-2025\/","title":{"rendered":"Preinscripci\u00f3 escolar 2024-2025"},"content":{"rendered":"<p>&nbsp;<\/p>\n<p><a href=\"https:\/\/agora.xtec.cat\/ceip-onzedesetembre\/wp-content\/uploads\/usu702\/2024\/02\/555x431-Text.jpg\"><img loading=\"lazy\" decoding=\"async\" class=\" wp-image-2867 aligncenter\" src=\"https:\/\/agora.xtec.cat\/ceip-onzedesetembre\/wp-content\/uploads\/usu702\/2024\/02\/555x431-Text.jpg\" alt=\"\" width=\"599\" height=\"465\" srcset=\"https:\/\/agora.xtec.cat\/ceip-onzedesetembre\/wp-content\/uploads\/usu702\/2024\/02\/555x431-Text.jpg 555w, https:\/\/agora.xtec.cat\/ceip-onzedesetembre\/wp-content\/uploads\/usu702\/2024\/02\/555x431-Text-300x233.jpg 300w\" sizes=\"auto, (max-width: 599px) 100vw, 599px\" \/><\/a><\/p>\n<p style=\"text-align: left;\"><a href=\"https:\/\/preinscripcio.gencat.cat\/ca\/inici\/\">Web d&#8217;informaci\u00f3 per a les fam\u00edlies<\/a><\/p>\n<p><a href=\"https:\/\/agora.xtec.cat\/ceip-onzedesetembre\/wp-content\/uploads\/usu702\/2024\/03\/Publicacio-de-loferta-inicial-de-places.pdf\">Publicaci\u00f3 de l&#8217;oferta inicial de places per a la preinscripci\u00f3 del curs 2024-2025<\/a><\/p>\n<p><a href=\"https:\/\/agora.xtec.cat\/ceip-onzedesetembre\/wp-content\/uploads\/usu702\/2024\/03\/Informacio-complementaria-preinscripcio-24-25.pdf\">Informaci\u00f3 complement\u00e0ria de la preinscripci\u00f3 2024-2025<\/a><\/p>\n<p><a href=\"https:\/\/agora.xtec.cat\/ceip-onzedesetembre\/wp-content\/uploads\/usu702\/2024\/03\/Sistemes-didentificacio-electronica.pdf\">Sistema d&#8217;identificaci\u00f3 electr\u00f2nica<\/a><\/p>\n","protected":false},"excerpt":{"rendered":"<p>&nbsp;<br \/>\n<a href=\"https:\/\/agora.xtec.cat\/ceip-onzedesetembre\/wp-content\/uploads\/usu702\/2024\/02\/555x431-Text.jpg\"><\/a><br \/>\n<a href=\"https:\/\/preinscripcio.gencat.cat\/ca\/inici\/\">Web d&#8217;informaci\u00f3 per a les fam\u00edlies<\/a><br \/>\n<a href=\"https:\/\/agora.xtec.cat\/ceip-onzedesetembre\/wp-content\/uploads\/usu702\/2024\/03\/Publicacio-de-loferta-inicial-de-places.pdf\">Publicaci\u00f3 de l&#8217;oferta inicial de places per a la preinscripci\u00f3 del curs 2024-2025<\/a><br \/>\n<a href=\"https:\/\/agora.xtec.cat\/ceip-onzedesetembre\/wp-content\/uploads\/usu702\/2024\/03\/Informacio-complementaria-preinscripcio-24-25.pdf\">Informaci\u00f3 complement\u00e0ria de la preinscripci\u00f3 2024-2025<\/a><br \/>\n<a href=\"https:\/\/agora.xtec.cat\/ceip-onzedesetembre\/wp-content\/uploads\/usu702\/2024\/03\/Sistemes-didentificacio-electronica.pdf\">Sistema d&#8217;identificaci\u00f3 electr\u00f2nica<\/a><\/p>\n","protected":false},"author":5,"featured_media":0,"comment_status":"closed","ping_status":"closed","sticky":true,"template":"","format":"standard","meta":{"_bbp_topic_count":0,"_bbp_reply_count":0,"_bbp_total_topic_count":0,"_bbp_total_reply_count":0,"_bbp_voice_count":0,"_bbp_anonymous_reply_count":0,"_bbp_topic_count_hidden":0,"_bbp_reply_count_hidden":0,"_bbp_forum_subforum_count":0,"footnotes":""},"categories":[7,1,2,4,5,49],"tags":[],"class_list":["post-2868","post","type-post","status-publish","format-standard","hentry","category-ampa","category-general","category-infantil","category-portada","category-primaria","category-secundaria"],"post_mailing_queue_ids":[],"_links":{"self":[{"href":"https:\/\/agora.xtec.cat\/ceip-onzedesetembre\/wp-json\/wp\/v2\/posts\/2868","targetHints":{"allow":["GET"]}}],"collection":[{"href":"https:\/\/agora.xtec.cat\/ceip-onzedesetembre\/wp-json\/wp\/v2\/posts"}],"about":[{"href":"https:\/\/agora.xtec.cat\/ceip-onzedesetembre\/wp-json\/wp\/v2\/types\/post"}],"author":[{"embeddable":true,"href":"https:\/\/agora.xtec.cat\/ceip-onzedesetembre\/wp-json\/wp\/v2\/users\/5"}],"replies":[{"embeddable":true,"href":"https:\/\/agora.xtec.cat\/ceip-onzedesetembre\/wp-json\/wp\/v2\/comments?post=2868"}],"version-history":[{"count":6,"href":"https:\/\/agora.xtec.cat\/ceip-onzedesetembre\/wp-json\/wp\/v2\/posts\/2868\/revisions"}],"predecessor-version":[{"id":2883,"href":"https:\/\/agora.xtec.cat\/ceip-onzedesetembre\/wp-json\/wp\/v2\/posts\/2868\/revisions\/2883"}],"wp:attachment":[{"href":"https:\/\/agora.xtec.cat\/ceip-onzedesetembre\/wp-json\/wp\/v2\/media?parent=2868"}],"wp:term":[{"taxonomy":"category","embeddable":true,"href":"https:\/\/agora.xtec.cat\/ceip-onzedesetembre\/wp-json\/wp\/v2\/categories?post=2868"},{"taxonomy":"post_tag","embeddable":true,"href":"https:\/\/agora.xtec.cat\/ceip-onzedesetembre\/wp-json\/wp\/v2\/tags?post=2868"}],"curies":[{"name":"wp","href":"https:\/\/api.w.org\/{rel}","templated":true}]}}