{"id":2700,"date":"2023-06-19T11:49:25","date_gmt":"2023-06-19T09:49:25","guid":{"rendered":"https:\/\/agora.xtec.cat\/ceip-onzedesetembre\/?p=2700"},"modified":"2023-06-19T11:50:17","modified_gmt":"2023-06-19T09:50:17","slug":"enhorabona-campions","status":"publish","type":"post","link":"https:\/\/agora.xtec.cat\/ceip-onzedesetembre\/general\/enhorabona-campions\/","title":{"rendered":"Enhorabona campions!"},"content":{"rendered":"<p>Aquest any els jugadors de l&#8217;equip benjam\u00ed de futbol sala de l&#8217;Onze han aconseguit una fita molt important. Gr\u00e0cies al treball realitzat durant l&#8217;any van aconseguir classificar-se per les Fases Nacionals d&#8217;aquest esport. Un torneig que engloba a les escoles millor classificades de Catalunya.<\/p>\n<p>A la fase de grups els nostres jugadors van quedar primers. Despr\u00e9s, van haver de jugar una semifinal contra el campi\u00f3 del grup B, i tamb\u00e9 van guanyar. Finalment, es van plantar a la final del campionat i van competir contra l&#8217;escola Salesians de Badalona, un equip molt compacte i que tractava molt b\u00e9 la pilota. Els nostres campions van jugar molt b\u00e9, per\u00f2 no va ser suficient per guanyar el partit.<\/p>\n<p>A part de ser molt bons jugadors, el nostre tamb\u00e9 ha estat un equip molt esportiu al llarg del campionat. De fet, molts equips que es van quedar pel cam\u00ed els van estar animar molt al llarg del campionat. Va ser una experi\u00e8ncia molt maca.<\/p>\n<p>Moltes felicitats a tots: Luca, Mau, Marc i Eric Nieto, Marc Planas, Jan, Arnau, Biel, Mar\u00e7al i Cesc! I tamb\u00e9 al seu entrenador, l&#8217;Albert Tarr\u00e9.<\/p>\n<div><\/div>\n<div><a href=\"https:\/\/agora.xtec.cat\/ceip-onzedesetembre\/wp-content\/uploads\/usu702\/2023\/06\/benjami-5-scaled.jpg\"><img loading=\"lazy\" decoding=\"async\" class=\"aligncenter size-full wp-image-2701\" src=\"https:\/\/agora.xtec.cat\/ceip-onzedesetembre\/wp-content\/uploads\/usu702\/2023\/06\/benjami-5-scaled.jpg\" alt=\"\" width=\"2560\" height=\"2439\" srcset=\"https:\/\/agora.xtec.cat\/ceip-onzedesetembre\/wp-content\/uploads\/usu702\/2023\/06\/benjami-5-scaled.jpg 2560w, https:\/\/agora.xtec.cat\/ceip-onzedesetembre\/wp-content\/uploads\/usu702\/2023\/06\/benjami-5-300x286.jpg 300w, https:\/\/agora.xtec.cat\/ceip-onzedesetembre\/wp-content\/uploads\/usu702\/2023\/06\/benjami-5-1024x976.jpg 1024w, https:\/\/agora.xtec.cat\/ceip-onzedesetembre\/wp-content\/uploads\/usu702\/2023\/06\/benjami-5-768x732.jpg 768w, https:\/\/agora.xtec.cat\/ceip-onzedesetembre\/wp-content\/uploads\/usu702\/2023\/06\/benjami-5-1536x1464.jpg 1536w, https:\/\/agora.xtec.cat\/ceip-onzedesetembre\/wp-content\/uploads\/usu702\/2023\/06\/benjami-5-2048x1952.jpg 2048w\" sizes=\"auto, (max-width: 2560px) 100vw, 2560px\" \/><\/a><\/div>\n","protected":false},"excerpt":{"rendered":"<p>Aquest any els jugadors de l&#8217;equip benjam\u00ed de futbol sala de l&#8217;Onze han aconseguit una fita molt important. Gr\u00e0cies al treball realitzat durant l&#8217;any van aconseguir classificar-se per les Fases Nacionals d&#8217;aquest esport. Un torneig que engloba a les escoles millor classificades de Catalunya.<br \/>\nA la&hellip;  <a href=\"https:\/\/agora.xtec.cat\/ceip-onzedesetembre\/general\/enhorabona-campions\/\" title=\"Read Enhorabona campions!\">Llegeix m\u00e9s\u00bb<\/a><\/p>\n","protected":false},"author":3,"featured_media":0,"comment_status":"closed","ping_status":"closed","sticky":true,"template":"","format":"standard","meta":{"_bbp_topic_count":0,"_bbp_reply_count":0,"_bbp_total_topic_count":0,"_bbp_total_reply_count":0,"_bbp_voice_count":0,"_bbp_anonymous_reply_count":0,"_bbp_topic_count_hidden":0,"_bbp_reply_count_hidden":0,"_bbp_forum_subforum_count":0,"footnotes":""},"categories":[7,1,2,4,5,49],"tags":[],"class_list":["post-2700","post","type-post","status-publish","format-standard","hentry","category-ampa","category-general","category-infantil","category-portada","category-primaria","category-secundaria"],"post_mailing_queue_ids":[],"_links":{"self":[{"href":"https:\/\/agora.xtec.cat\/ceip-onzedesetembre\/wp-json\/wp\/v2\/posts\/2700","targetHints":{"allow":["GET"]}}],"collection":[{"href":"https:\/\/agora.xtec.cat\/ceip-onzedesetembre\/wp-json\/wp\/v2\/posts"}],"about":[{"href":"https:\/\/agora.xtec.cat\/ceip-onzedesetembre\/wp-json\/wp\/v2\/types\/post"}],"author":[{"embeddable":true,"href":"https:\/\/agora.xtec.cat\/ceip-onzedesetembre\/wp-json\/wp\/v2\/users\/3"}],"replies":[{"embeddable":true,"href":"https:\/\/agora.xtec.cat\/ceip-onzedesetembre\/wp-json\/wp\/v2\/comments?post=2700"}],"version-history":[{"count":2,"href":"https:\/\/agora.xtec.cat\/ceip-onzedesetembre\/wp-json\/wp\/v2\/posts\/2700\/revisions"}],"predecessor-version":[{"id":2703,"href":"https:\/\/agora.xtec.cat\/ceip-onzedesetembre\/wp-json\/wp\/v2\/posts\/2700\/revisions\/2703"}],"wp:attachment":[{"href":"https:\/\/agora.xtec.cat\/ceip-onzedesetembre\/wp-json\/wp\/v2\/media?parent=2700"}],"wp:term":[{"taxonomy":"category","embeddable":true,"href":"https:\/\/agora.xtec.cat\/ceip-onzedesetembre\/wp-json\/wp\/v2\/categories?post=2700"},{"taxonomy":"post_tag","embeddable":true,"href":"https:\/\/agora.xtec.cat\/ceip-onzedesetembre\/wp-json\/wp\/v2\/tags?post=2700"}],"curies":[{"name":"wp","href":"https:\/\/api.w.org\/{rel}","templated":true}]}}