{"id":2683,"date":"2023-06-10T19:05:15","date_gmt":"2023-06-10T17:05:15","guid":{"rendered":"https:\/\/agora.xtec.cat\/ceip-onzedesetembre\/?p=2683"},"modified":"2023-06-12T20:15:06","modified_gmt":"2023-06-12T18:15:06","slug":"tres-alumnes-de-cinque-finalistes-als-premis-de-programacio-i-robotica-mschools","status":"publish","type":"post","link":"https:\/\/agora.xtec.cat\/ceip-onzedesetembre\/general\/tres-alumnes-de-cinque-finalistes-als-premis-de-programacio-i-robotica-mschools\/","title":{"rendered":"Tres alumnes de cinqu\u00e8 de prim\u00e0ria, finalistes als premis de programaci\u00f3 i rob\u00f2tica MSchools."},"content":{"rendered":"<p>Tres alumnes de cinqu\u00e8 de prim\u00e0ria han quedat finalistes als MSchools, un concurs de programaci\u00f3 i rob\u00f2tica a nivell de tota Catalunya i celebrat a la Fira de Congressos de Montju\u00efc (Barcelona). Tots tres, s&#8217;havien classificat pr\u00e8viament entre m\u00e9s d&#8217;un miler de programes presentats amb el projecte: Visitem Filipines!, realitzat en el marc del projecte interdisciplinar realitzat a l&#8217;Onze.<\/p>\n<p>Dissabte passat, acompanyats de les seves fam\u00edlies i d&#8217;alguns dels seus professors, han participat a la final del concurs, que consistia a resoldre un repte tot fent servir el llenguatge de programaci\u00f3 treballat a l&#8217;aula: Scratch. Van completar el repte en una hora i mitja i van acabar molt satisfets i contents. I tot i que finalment no van aconseguir la vict\u00f2ria, l&#8217;experi\u00e8ncia viscuda ja els fa guanyadors. Enhorabona, campions!<\/p>\n<p><a href=\"https:\/\/agora.xtec.cat\/ceip-onzedesetembre\/wp-content\/uploads\/usu702\/2023\/06\/MS2.jpeg\"><img loading=\"lazy\" decoding=\"async\" class=\"aligncenter size-full wp-image-2687\" src=\"https:\/\/agora.xtec.cat\/ceip-onzedesetembre\/wp-content\/uploads\/usu702\/2023\/06\/MS2.jpeg\" alt=\"\" width=\"2000\" height=\"900\" srcset=\"https:\/\/agora.xtec.cat\/ceip-onzedesetembre\/wp-content\/uploads\/usu702\/2023\/06\/MS2.jpeg 2000w, https:\/\/agora.xtec.cat\/ceip-onzedesetembre\/wp-content\/uploads\/usu702\/2023\/06\/MS2-300x135.jpeg 300w, https:\/\/agora.xtec.cat\/ceip-onzedesetembre\/wp-content\/uploads\/usu702\/2023\/06\/MS2-1024x461.jpeg 1024w, https:\/\/agora.xtec.cat\/ceip-onzedesetembre\/wp-content\/uploads\/usu702\/2023\/06\/MS2-768x346.jpeg 768w, https:\/\/agora.xtec.cat\/ceip-onzedesetembre\/wp-content\/uploads\/usu702\/2023\/06\/MS2-1536x691.jpeg 1536w\" sizes=\"auto, (max-width: 2000px) 100vw, 2000px\" \/><\/a> <a href=\"https:\/\/agora.xtec.cat\/ceip-onzedesetembre\/wp-content\/uploads\/usu702\/2023\/06\/MS1.jpeg\"><img loading=\"lazy\" decoding=\"async\" class=\"aligncenter size-full wp-image-2686\" src=\"https:\/\/agora.xtec.cat\/ceip-onzedesetembre\/wp-content\/uploads\/usu702\/2023\/06\/MS1.jpeg\" alt=\"\" width=\"2000\" height=\"900\" srcset=\"https:\/\/agora.xtec.cat\/ceip-onzedesetembre\/wp-content\/uploads\/usu702\/2023\/06\/MS1.jpeg 2000w, https:\/\/agora.xtec.cat\/ceip-onzedesetembre\/wp-content\/uploads\/usu702\/2023\/06\/MS1-300x135.jpeg 300w, https:\/\/agora.xtec.cat\/ceip-onzedesetembre\/wp-content\/uploads\/usu702\/2023\/06\/MS1-1024x461.jpeg 1024w, https:\/\/agora.xtec.cat\/ceip-onzedesetembre\/wp-content\/uploads\/usu702\/2023\/06\/MS1-768x346.jpeg 768w, https:\/\/agora.xtec.cat\/ceip-onzedesetembre\/wp-content\/uploads\/usu702\/2023\/06\/MS1-1536x691.jpeg 1536w\" sizes=\"auto, (max-width: 2000px) 100vw, 2000px\" \/><\/a><\/p>\n","protected":false},"excerpt":{"rendered":"<p>Tres alumnes de cinqu\u00e8 de prim\u00e0ria han quedat finalistes als MSchools, un concurs de programaci\u00f3 i rob\u00f2tica a nivell de tota Catalunya i celebrat a la Fira de Congressos de Montju\u00efc (Barcelona). Tots tres, s&#8217;havien classificat pr\u00e8viament entre m\u00e9s d&#8217;un miler de programes presentats amb&hellip;  <a href=\"https:\/\/agora.xtec.cat\/ceip-onzedesetembre\/general\/tres-alumnes-de-cinque-finalistes-als-premis-de-programacio-i-robotica-mschools\/\" title=\"Read Tres alumnes de cinqu\u00e8 de prim\u00e0ria, finalistes als premis de programaci\u00f3 i rob\u00f2tica MSchools.\">Llegeix m\u00e9s\u00bb<\/a><\/p>\n","protected":false},"author":3,"featured_media":0,"comment_status":"closed","ping_status":"closed","sticky":true,"template":"","format":"standard","meta":{"_bbp_topic_count":0,"_bbp_reply_count":0,"_bbp_total_topic_count":0,"_bbp_total_reply_count":0,"_bbp_voice_count":0,"_bbp_anonymous_reply_count":0,"_bbp_topic_count_hidden":0,"_bbp_reply_count_hidden":0,"_bbp_forum_subforum_count":0,"footnotes":""},"categories":[7,1,2,4,5,49],"tags":[],"class_list":["post-2683","post","type-post","status-publish","format-standard","hentry","category-ampa","category-general","category-infantil","category-portada","category-primaria","category-secundaria"],"post_mailing_queue_ids":[],"_links":{"self":[{"href":"https:\/\/agora.xtec.cat\/ceip-onzedesetembre\/wp-json\/wp\/v2\/posts\/2683","targetHints":{"allow":["GET"]}}],"collection":[{"href":"https:\/\/agora.xtec.cat\/ceip-onzedesetembre\/wp-json\/wp\/v2\/posts"}],"about":[{"href":"https:\/\/agora.xtec.cat\/ceip-onzedesetembre\/wp-json\/wp\/v2\/types\/post"}],"author":[{"embeddable":true,"href":"https:\/\/agora.xtec.cat\/ceip-onzedesetembre\/wp-json\/wp\/v2\/users\/3"}],"replies":[{"embeddable":true,"href":"https:\/\/agora.xtec.cat\/ceip-onzedesetembre\/wp-json\/wp\/v2\/comments?post=2683"}],"version-history":[{"count":3,"href":"https:\/\/agora.xtec.cat\/ceip-onzedesetembre\/wp-json\/wp\/v2\/posts\/2683\/revisions"}],"predecessor-version":[{"id":2692,"href":"https:\/\/agora.xtec.cat\/ceip-onzedesetembre\/wp-json\/wp\/v2\/posts\/2683\/revisions\/2692"}],"wp:attachment":[{"href":"https:\/\/agora.xtec.cat\/ceip-onzedesetembre\/wp-json\/wp\/v2\/media?parent=2683"}],"wp:term":[{"taxonomy":"category","embeddable":true,"href":"https:\/\/agora.xtec.cat\/ceip-onzedesetembre\/wp-json\/wp\/v2\/categories?post=2683"},{"taxonomy":"post_tag","embeddable":true,"href":"https:\/\/agora.xtec.cat\/ceip-onzedesetembre\/wp-json\/wp\/v2\/tags?post=2683"}],"curies":[{"name":"wp","href":"https:\/\/api.w.org\/{rel}","templated":true}]}}