{"id":2616,"date":"2023-04-05T01:19:57","date_gmt":"2023-04-04T23:19:57","guid":{"rendered":"https:\/\/agora.xtec.cat\/ceip-onzedesetembre\/?p=2616"},"modified":"2023-04-05T01:19:57","modified_gmt":"2023-04-04T23:19:57","slug":"4t-5e-i-6e-a-radio-sant-quirze","status":"publish","type":"post","link":"https:\/\/agora.xtec.cat\/ceip-onzedesetembre\/general\/4t-5e-i-6e-a-radio-sant-quirze\/","title":{"rendered":"4t, 5\u00e8 i 6\u00e8 a R\u00e0dio Sant Quirze."},"content":{"rendered":"<p>Els alumnes de quart, cinqu\u00e8 i sis\u00e8 de prim\u00e0ria de la nostra escola, en el marc del projecte interdisciplinari, han enregistrat un programa de r\u00e0dio a l&#8217;emissora de r\u00e0dio Sant Quirze. Han cercat informaci\u00f3, han editat els efectes sonors, han elaborat el gui\u00f3 i l&#8217;escaleta i, finalment, han anat a r\u00e0dio Sant Quirze a gravar el programa a l&#8217;emissora de R\u00e0dio Sant Quirze. Des d&#8217;aqu\u00ed volem agrair a l&#8217;Ajuntament de Sant Quirze la seva predisposici\u00f3 a l&#8217;hora de deixar-nos utilitzar les seves instal\u00b7lacions i al t\u00e8cnic de so, el Carles Serqueda, que ens va guiar a l&#8217;hora d&#8217;enregistrar el programa.<\/p>\n<p>Feu clic <a href=\"https:\/\/drive.google.com\/drive\/folders\/1i2BH-JWCgOAbWtLYJ-smLlqEJwgu7EBB?usp=sharing\">AQU\u00cd<\/a> si voleu accedir als programes enregistrats.<\/p>\n<p><a href=\"https:\/\/agora.xtec.cat\/ceip-onzedesetembre\/wp-content\/uploads\/usu702\/2023\/04\/RADIO.png\"><img loading=\"lazy\" decoding=\"async\" class=\"aligncenter  wp-image-2617\" src=\"https:\/\/agora.xtec.cat\/ceip-onzedesetembre\/wp-content\/uploads\/usu702\/2023\/04\/RADIO.png\" alt=\"\" width=\"371\" height=\"371\" srcset=\"https:\/\/agora.xtec.cat\/ceip-onzedesetembre\/wp-content\/uploads\/usu702\/2023\/04\/RADIO.png 434w, https:\/\/agora.xtec.cat\/ceip-onzedesetembre\/wp-content\/uploads\/usu702\/2023\/04\/RADIO-300x300.png 300w, https:\/\/agora.xtec.cat\/ceip-onzedesetembre\/wp-content\/uploads\/usu702\/2023\/04\/RADIO-150x150.png 150w\" sizes=\"auto, (max-width: 371px) 100vw, 371px\" \/><\/a><\/p>\n","protected":false},"excerpt":{"rendered":"<p>Els alumnes de quart, cinqu\u00e8 i sis\u00e8 de prim\u00e0ria de la nostra escola, en el marc del projecte interdisciplinari, han enregistrat un programa de r\u00e0dio a l&#8217;emissora de r\u00e0dio Sant Quirze. Han cercat informaci\u00f3, han editat els efectes sonors, han elaborat el gui\u00f3 i l&#8217;escaleta&hellip;  <a href=\"https:\/\/agora.xtec.cat\/ceip-onzedesetembre\/general\/4t-5e-i-6e-a-radio-sant-quirze\/\" title=\"Read 4t, 5\u00e8 i 6\u00e8 a R\u00e0dio Sant Quirze.\">Llegeix m\u00e9s\u00bb<\/a><\/p>\n","protected":false},"author":3,"featured_media":0,"comment_status":"closed","ping_status":"closed","sticky":true,"template":"","format":"standard","meta":{"_bbp_topic_count":0,"_bbp_reply_count":0,"_bbp_total_topic_count":0,"_bbp_total_reply_count":0,"_bbp_voice_count":0,"_bbp_anonymous_reply_count":0,"_bbp_topic_count_hidden":0,"_bbp_reply_count_hidden":0,"_bbp_forum_subforum_count":0,"footnotes":""},"categories":[7,1,2,4,5,49],"tags":[],"class_list":["post-2616","post","type-post","status-publish","format-standard","hentry","category-ampa","category-general","category-infantil","category-portada","category-primaria","category-secundaria"],"post_mailing_queue_ids":[],"_links":{"self":[{"href":"https:\/\/agora.xtec.cat\/ceip-onzedesetembre\/wp-json\/wp\/v2\/posts\/2616","targetHints":{"allow":["GET"]}}],"collection":[{"href":"https:\/\/agora.xtec.cat\/ceip-onzedesetembre\/wp-json\/wp\/v2\/posts"}],"about":[{"href":"https:\/\/agora.xtec.cat\/ceip-onzedesetembre\/wp-json\/wp\/v2\/types\/post"}],"author":[{"embeddable":true,"href":"https:\/\/agora.xtec.cat\/ceip-onzedesetembre\/wp-json\/wp\/v2\/users\/3"}],"replies":[{"embeddable":true,"href":"https:\/\/agora.xtec.cat\/ceip-onzedesetembre\/wp-json\/wp\/v2\/comments?post=2616"}],"version-history":[{"count":1,"href":"https:\/\/agora.xtec.cat\/ceip-onzedesetembre\/wp-json\/wp\/v2\/posts\/2616\/revisions"}],"predecessor-version":[{"id":2618,"href":"https:\/\/agora.xtec.cat\/ceip-onzedesetembre\/wp-json\/wp\/v2\/posts\/2616\/revisions\/2618"}],"wp:attachment":[{"href":"https:\/\/agora.xtec.cat\/ceip-onzedesetembre\/wp-json\/wp\/v2\/media?parent=2616"}],"wp:term":[{"taxonomy":"category","embeddable":true,"href":"https:\/\/agora.xtec.cat\/ceip-onzedesetembre\/wp-json\/wp\/v2\/categories?post=2616"},{"taxonomy":"post_tag","embeddable":true,"href":"https:\/\/agora.xtec.cat\/ceip-onzedesetembre\/wp-json\/wp\/v2\/tags?post=2616"}],"curies":[{"name":"wp","href":"https:\/\/api.w.org\/{rel}","templated":true}]}}