{"id":2576,"date":"2023-02-26T20:02:33","date_gmt":"2023-02-26T19:02:33","guid":{"rendered":"https:\/\/agora.xtec.cat\/ceip-onzedesetembre\/?p=2576"},"modified":"2023-02-26T20:04:45","modified_gmt":"2023-02-26T19:04:45","slug":"linstitut-escola-onze-de-setembre-treballa-per-a-formar-part-derasmus","status":"publish","type":"post","link":"https:\/\/agora.xtec.cat\/ceip-onzedesetembre\/general\/linstitut-escola-onze-de-setembre-treballa-per-a-formar-part-derasmus\/","title":{"rendered":"L&#8217;Institut Escola Onze de Setembre treballa per a formar part d\u2019Erasmus +"},"content":{"rendered":"<p><a href=\"https:\/\/agora.xtec.cat\/ceip-onzedesetembre\/wp-content\/uploads\/usu702\/2023\/02\/log_erasmus_cabecera_pagina.png\"><img loading=\"lazy\" decoding=\"async\" class=\"wp-image-2577 alignleft\" src=\"https:\/\/agora.xtec.cat\/ceip-onzedesetembre\/wp-content\/uploads\/usu702\/2023\/02\/log_erasmus_cabecera_pagina.png\" alt=\"\" width=\"249\" height=\"93\" srcset=\"https:\/\/agora.xtec.cat\/ceip-onzedesetembre\/wp-content\/uploads\/usu702\/2023\/02\/log_erasmus_cabecera_pagina.png 1280w, https:\/\/agora.xtec.cat\/ceip-onzedesetembre\/wp-content\/uploads\/usu702\/2023\/02\/log_erasmus_cabecera_pagina-300x113.png 300w, https:\/\/agora.xtec.cat\/ceip-onzedesetembre\/wp-content\/uploads\/usu702\/2023\/02\/log_erasmus_cabecera_pagina-1024x384.png 1024w, https:\/\/agora.xtec.cat\/ceip-onzedesetembre\/wp-content\/uploads\/usu702\/2023\/02\/log_erasmus_cabecera_pagina-768x288.png 768w\" sizes=\"auto, (max-width: 249px) 100vw, 249px\" \/><\/a><\/p>\n<p>&nbsp;<\/p>\n<p>&nbsp;<\/p>\n<p><strong>PROJECTES D\u2019INTERNACIONALITZACI\u00d3 *ERASMUS+, KA-122*<\/strong><\/p>\n<p>Des de la Comissi\u00f3 d\u2019Internacionalitzaci\u00f3 i programes europeus de l\u2019Institut Escola Onze de Setembre estem treballant per a formar part d\u2019Erasmus +. Aquest projecte t\u00e9 l\u2019objectiu d\u2019ajudar al nostre alumnat a convertir-se en ciutadans responsables i compromesos amb capacitat de creaci\u00f3 i pensament cr\u00edtic, i per aix\u00f2 estem comen\u00e7ant a rec\u00f3rrer el nostre cam\u00ed cap a Erasmus +.<\/p>\n<p><strong>Qu\u00e8 \u00e9s Erasmus +?<\/strong><\/p>\n<p><a href=\"http:\/\/sepie.es\/educacion-escolar\/index.html\">http:\/\/sepie.es\/educacion-escolar\/index.html<\/a>\u00a0 <a href=\"https:\/\/agora.xtec.cat\/ceip-onzedesetembre\/wp-content\/uploads\/usu702\/2023\/02\/descarga.jpg\"><img loading=\"lazy\" decoding=\"async\" class=\" wp-image-2578 alignright\" src=\"https:\/\/agora.xtec.cat\/ceip-onzedesetembre\/wp-content\/uploads\/usu702\/2023\/02\/descarga.jpg\" alt=\"\" width=\"200\" height=\"109\" srcset=\"https:\/\/agora.xtec.cat\/ceip-onzedesetembre\/wp-content\/uploads\/usu702\/2023\/02\/descarga.jpg 304w, https:\/\/agora.xtec.cat\/ceip-onzedesetembre\/wp-content\/uploads\/usu702\/2023\/02\/descarga-300x164.jpg 300w\" sizes=\"auto, (max-width: 200px) 100vw, 200px\" \/><\/a><\/p>\n<p>Erasmus + en Educaci\u00f3 Escolar s\u00f3n projectes finan\u00e7ats amb fons europeus que permeten que altres centres educatius realitzin activitats de desenvolupament a l\u2019estranger per ampliar coneixement i aptituds. Algunes de les activitats s\u00f3n les seg\u00fcents:<\/p>\n<ul>\n<li>Cursos o activitats de formaci\u00f3 estructurades a l\u2019estranger.<\/li>\n<li>Doc\u00e8ncia en centres d\u2019ensenyament associats.<\/li>\n<li>Per\u00edode d\u2019observaci\u00f3 a l\u2019estranger en un centre associat o altra organitzaci\u00f3 rellevant activa a l\u2019\u00e0mbit de l\u2019Educaci\u00f3 Escolar (<em>job<\/em> <em>shadowing<\/em>).<\/li>\n<\/ul>\n<p>El nostre centre ha presentat la sol\u00b7licitud amb el projecte \u201cMetodolog\u00eda CLIL, paradigma a la inclusi\u00f3n\u201d en modalitat KA-122.<\/p>\n<p>&nbsp;<\/p>\n","protected":false},"excerpt":{"rendered":"<p><a href=\"https:\/\/agora.xtec.cat\/ceip-onzedesetembre\/wp-content\/uploads\/usu702\/2023\/02\/log_erasmus_cabecera_pagina.png\"><\/a><br \/>\n&nbsp;<br \/>\n&nbsp;<br \/>\nPROJECTES D\u2019INTERNACIONALITZACI\u00d3 *ERASMUS+, KA-122*<br \/>\nDes de la Comissi\u00f3 d\u2019Internacionalitzaci\u00f3 i programes europeus de l\u2019Institut Escola Onze de Setembre estem treballant per a formar part d\u2019Erasmus +. Aquest projecte t\u00e9 l\u2019objectiu d\u2019ajudar al nostre alumnat a convertir-se en ciutadans responsables i compromesos amb capacitat de creaci\u00f3&hellip;  <a href=\"https:\/\/agora.xtec.cat\/ceip-onzedesetembre\/general\/linstitut-escola-onze-de-setembre-treballa-per-a-formar-part-derasmus\/\" title=\"Read L&#8217;Institut Escola Onze de Setembre treballa per a formar part d\u2019Erasmus +\">Llegeix m\u00e9s\u00bb<\/a><\/p>\n","protected":false},"author":3,"featured_media":0,"comment_status":"closed","ping_status":"closed","sticky":true,"template":"","format":"standard","meta":{"_bbp_topic_count":0,"_bbp_reply_count":0,"_bbp_total_topic_count":0,"_bbp_total_reply_count":0,"_bbp_voice_count":0,"_bbp_anonymous_reply_count":0,"_bbp_topic_count_hidden":0,"_bbp_reply_count_hidden":0,"_bbp_forum_subforum_count":0,"footnotes":""},"categories":[7,1,2,4,5,49],"tags":[],"class_list":["post-2576","post","type-post","status-publish","format-standard","hentry","category-ampa","category-general","category-infantil","category-portada","category-primaria","category-secundaria"],"post_mailing_queue_ids":[],"_links":{"self":[{"href":"https:\/\/agora.xtec.cat\/ceip-onzedesetembre\/wp-json\/wp\/v2\/posts\/2576","targetHints":{"allow":["GET"]}}],"collection":[{"href":"https:\/\/agora.xtec.cat\/ceip-onzedesetembre\/wp-json\/wp\/v2\/posts"}],"about":[{"href":"https:\/\/agora.xtec.cat\/ceip-onzedesetembre\/wp-json\/wp\/v2\/types\/post"}],"author":[{"embeddable":true,"href":"https:\/\/agora.xtec.cat\/ceip-onzedesetembre\/wp-json\/wp\/v2\/users\/3"}],"replies":[{"embeddable":true,"href":"https:\/\/agora.xtec.cat\/ceip-onzedesetembre\/wp-json\/wp\/v2\/comments?post=2576"}],"version-history":[{"count":3,"href":"https:\/\/agora.xtec.cat\/ceip-onzedesetembre\/wp-json\/wp\/v2\/posts\/2576\/revisions"}],"predecessor-version":[{"id":2582,"href":"https:\/\/agora.xtec.cat\/ceip-onzedesetembre\/wp-json\/wp\/v2\/posts\/2576\/revisions\/2582"}],"wp:attachment":[{"href":"https:\/\/agora.xtec.cat\/ceip-onzedesetembre\/wp-json\/wp\/v2\/media?parent=2576"}],"wp:term":[{"taxonomy":"category","embeddable":true,"href":"https:\/\/agora.xtec.cat\/ceip-onzedesetembre\/wp-json\/wp\/v2\/categories?post=2576"},{"taxonomy":"post_tag","embeddable":true,"href":"https:\/\/agora.xtec.cat\/ceip-onzedesetembre\/wp-json\/wp\/v2\/tags?post=2576"}],"curies":[{"name":"wp","href":"https:\/\/api.w.org\/{rel}","templated":true}]}}