{"id":2566,"date":"2023-02-18T00:43:03","date_gmt":"2023-02-17T23:43:03","guid":{"rendered":"https:\/\/agora.xtec.cat\/ceip-onzedesetembre\/?p=2566"},"modified":"2023-02-18T00:43:03","modified_gmt":"2023-02-17T23:43:03","slug":"la-rua-de-carnestoles-de-lonze","status":"publish","type":"post","link":"https:\/\/agora.xtec.cat\/ceip-onzedesetembre\/general\/la-rua-de-carnestoles-de-lonze\/","title":{"rendered":"La rua de Carnestoles de l&#8217;Onze."},"content":{"rendered":"<p>Avui els alumnes de l&#8217;Institut escola Onze de Setembre han fet una rua de Carnestoltes al voltant de l&#8217;escola. Moltes fam\u00edlies s&#8217;han pogut apropar al centre a gaudir de les disfresses dels infants i els alumnes s&#8217;ho han passat d&#8217;all\u00f2 m\u00e9s b\u00e9. Us convidem a veure el v\u00eddeo de la rua. Bones festes a tothom!<br \/>\nFes clic a la imatge si vols accedir al v\u00eddeo.<\/p>\n<p><a href=\"https:\/\/agora.xtec.cat\/ceip-onzedesetembre\/videos-del-curs-actual\/\"><img loading=\"lazy\" decoding=\"async\" class=\"aligncenter wp-image-2567 size-full\" src=\"https:\/\/agora.xtec.cat\/ceip-onzedesetembre\/wp-content\/uploads\/usu702\/2023\/02\/Carnestoltes-2.jpg\" alt=\"\" width=\"1060\" height=\"685\" srcset=\"https:\/\/agora.xtec.cat\/ceip-onzedesetembre\/wp-content\/uploads\/usu702\/2023\/02\/Carnestoltes-2.jpg 1060w, https:\/\/agora.xtec.cat\/ceip-onzedesetembre\/wp-content\/uploads\/usu702\/2023\/02\/Carnestoltes-2-300x194.jpg 300w, https:\/\/agora.xtec.cat\/ceip-onzedesetembre\/wp-content\/uploads\/usu702\/2023\/02\/Carnestoltes-2-1024x662.jpg 1024w, https:\/\/agora.xtec.cat\/ceip-onzedesetembre\/wp-content\/uploads\/usu702\/2023\/02\/Carnestoltes-2-768x496.jpg 768w\" sizes=\"auto, (max-width: 1060px) 100vw, 1060px\" \/><\/a><\/p>\n","protected":false},"excerpt":{"rendered":"<p>Avui els alumnes de l&#8217;Institut escola Onze de Setembre han fet una rua de Carnestoltes al voltant de l&#8217;escola. Moltes fam\u00edlies s&#8217;han pogut apropar al centre a gaudir de les disfresses dels infants i els alumnes s&#8217;ho han passat d&#8217;all\u00f2 m\u00e9s b\u00e9. Us convidem a&hellip;  <a href=\"https:\/\/agora.xtec.cat\/ceip-onzedesetembre\/general\/la-rua-de-carnestoles-de-lonze\/\" title=\"Read La rua de Carnestoles de l&#8217;Onze.\">Llegeix m\u00e9s\u00bb<\/a><\/p>\n","protected":false},"author":3,"featured_media":0,"comment_status":"closed","ping_status":"closed","sticky":true,"template":"","format":"standard","meta":{"_bbp_topic_count":0,"_bbp_reply_count":0,"_bbp_total_topic_count":0,"_bbp_total_reply_count":0,"_bbp_voice_count":0,"_bbp_anonymous_reply_count":0,"_bbp_topic_count_hidden":0,"_bbp_reply_count_hidden":0,"_bbp_forum_subforum_count":0,"footnotes":""},"categories":[7,1,2,4,5,49],"tags":[],"class_list":["post-2566","post","type-post","status-publish","format-standard","hentry","category-ampa","category-general","category-infantil","category-portada","category-primaria","category-secundaria"],"post_mailing_queue_ids":[],"_links":{"self":[{"href":"https:\/\/agora.xtec.cat\/ceip-onzedesetembre\/wp-json\/wp\/v2\/posts\/2566","targetHints":{"allow":["GET"]}}],"collection":[{"href":"https:\/\/agora.xtec.cat\/ceip-onzedesetembre\/wp-json\/wp\/v2\/posts"}],"about":[{"href":"https:\/\/agora.xtec.cat\/ceip-onzedesetembre\/wp-json\/wp\/v2\/types\/post"}],"author":[{"embeddable":true,"href":"https:\/\/agora.xtec.cat\/ceip-onzedesetembre\/wp-json\/wp\/v2\/users\/3"}],"replies":[{"embeddable":true,"href":"https:\/\/agora.xtec.cat\/ceip-onzedesetembre\/wp-json\/wp\/v2\/comments?post=2566"}],"version-history":[{"count":1,"href":"https:\/\/agora.xtec.cat\/ceip-onzedesetembre\/wp-json\/wp\/v2\/posts\/2566\/revisions"}],"predecessor-version":[{"id":2571,"href":"https:\/\/agora.xtec.cat\/ceip-onzedesetembre\/wp-json\/wp\/v2\/posts\/2566\/revisions\/2571"}],"wp:attachment":[{"href":"https:\/\/agora.xtec.cat\/ceip-onzedesetembre\/wp-json\/wp\/v2\/media?parent=2566"}],"wp:term":[{"taxonomy":"category","embeddable":true,"href":"https:\/\/agora.xtec.cat\/ceip-onzedesetembre\/wp-json\/wp\/v2\/categories?post=2566"},{"taxonomy":"post_tag","embeddable":true,"href":"https:\/\/agora.xtec.cat\/ceip-onzedesetembre\/wp-json\/wp\/v2\/tags?post=2566"}],"curies":[{"name":"wp","href":"https:\/\/api.w.org\/{rel}","templated":true}]}}