{"id":7318,"date":"2024-01-25T13:43:22","date_gmt":"2024-01-25T12:43:22","guid":{"rendered":"https:\/\/agora.xtec.cat\/ceip-ocata\/?p=7318"},"modified":"2024-01-25T13:43:22","modified_gmt":"2024-01-25T12:43:22","slug":"infantil-inici-del-2n-trimestre","status":"publish","type":"post","link":"https:\/\/agora.xtec.cat\/ceip-ocata\/general\/infantil-inici-del-2n-trimestre\/","title":{"rendered":"Infantil &#8211; Inici del 2n trimestre"},"content":{"rendered":"<div id=\":ms\" class=\"ii gt\">\n<div id=\":mr\" class=\"a3s aiL \">\n<div dir=\"ltr\">\n<div class=\"gmail_quote\">Descobrir, explorar, crear, gaudir, aprendre, jugar, manipular, observar, compartir, investigar&#8230;.S\u00f3n els nostres infinitius en &#8220;mode&#8221; racons i ambients. Aqu\u00ed us deixem un tastet del proc\u00e9s.<\/p>\n<div class=\"yj6qo\"><\/div>\n<div class=\"adL\" dir=\"auto\"><\/div>\n<div class=\"adL\"><\/div>\n<\/div>\n<\/div>\n<\/div>\n<\/div>\n<div id=\":ob\" class=\"hq gt\"><a href=\"https:\/\/photos.app.goo.gl\/rjBwQ7BqJT7HZgPL8\" target=\"_blank\" rel=\"noopener\"><img loading=\"lazy\" decoding=\"async\" class=\"alignnone wp-image-7319\" src=\"https:\/\/agora.xtec.cat\/ceip-ocata\/wp-content\/uploads\/usu386\/2024\/01\/20240125_091532-1-284x300.jpg\" alt=\"\" width=\"400\" height=\"423\" srcset=\"https:\/\/agora.xtec.cat\/ceip-ocata\/wp-content\/uploads\/usu386\/2024\/01\/20240125_091532-1-284x300.jpg 284w, https:\/\/agora.xtec.cat\/ceip-ocata\/wp-content\/uploads\/usu386\/2024\/01\/20240125_091532-1-969x1024.jpg 969w, https:\/\/agora.xtec.cat\/ceip-ocata\/wp-content\/uploads\/usu386\/2024\/01\/20240125_091532-1-768x811.jpg 768w, https:\/\/agora.xtec.cat\/ceip-ocata\/wp-content\/uploads\/usu386\/2024\/01\/20240125_091532-1-1454x1536.jpg 1454w, https:\/\/agora.xtec.cat\/ceip-ocata\/wp-content\/uploads\/usu386\/2024\/01\/20240125_091532-1-1938x2048.jpg 1938w\" sizes=\"auto, (max-width: 400px) 100vw, 400px\" \/><\/a><\/div>\n","protected":false},"excerpt":{"rendered":"<p>Descobrir, explorar, crear, gaudir, aprendre, jugar, manipular, observar, compartir, investigar&#8230;.S\u00f3n els nostres infinitius en &#8220;mode&#8221; racons i ambients. Aqu\u00ed us deixem un tastet del proc\u00e9s.<\/p>\n<p><a href=\"https:\/\/photos.app.goo.gl\/rjBwQ7BqJT7HZgPL8\" target=\"_blank\" rel=\"noopener\"><\/a><\/p>\n","protected":false},"author":8,"featured_media":7319,"comment_status":"open","ping_status":"closed","sticky":false,"template":"","format":"standard","meta":{"_bbp_topic_count":0,"_bbp_reply_count":0,"_bbp_total_topic_count":0,"_bbp_total_reply_count":0,"_bbp_voice_count":0,"_bbp_anonymous_reply_count":0,"_bbp_topic_count_hidden":0,"_bbp_reply_count_hidden":0,"_bbp_forum_subforum_count":0,"footnotes":""},"categories":[1,2,3,8,9,4],"tags":[],"class_list":["post-7318","post","type-post","status-publish","format-standard","has-post-thumbnail","hentry","category-general","category-infantil","category-p3","category-p4","category-p5","category-portada"],"post_mailing_queue_ids":[],"_links":{"self":[{"href":"https:\/\/agora.xtec.cat\/ceip-ocata\/wp-json\/wp\/v2\/posts\/7318","targetHints":{"allow":["GET"]}}],"collection":[{"href":"https:\/\/agora.xtec.cat\/ceip-ocata\/wp-json\/wp\/v2\/posts"}],"about":[{"href":"https:\/\/agora.xtec.cat\/ceip-ocata\/wp-json\/wp\/v2\/types\/post"}],"author":[{"embeddable":true,"href":"https:\/\/agora.xtec.cat\/ceip-ocata\/wp-json\/wp\/v2\/users\/8"}],"replies":[{"embeddable":true,"href":"https:\/\/agora.xtec.cat\/ceip-ocata\/wp-json\/wp\/v2\/comments?post=7318"}],"version-history":[{"count":1,"href":"https:\/\/agora.xtec.cat\/ceip-ocata\/wp-json\/wp\/v2\/posts\/7318\/revisions"}],"predecessor-version":[{"id":7320,"href":"https:\/\/agora.xtec.cat\/ceip-ocata\/wp-json\/wp\/v2\/posts\/7318\/revisions\/7320"}],"wp:featuredmedia":[{"embeddable":true,"href":"https:\/\/agora.xtec.cat\/ceip-ocata\/wp-json\/wp\/v2\/media\/7319"}],"wp:attachment":[{"href":"https:\/\/agora.xtec.cat\/ceip-ocata\/wp-json\/wp\/v2\/media?parent=7318"}],"wp:term":[{"taxonomy":"category","embeddable":true,"href":"https:\/\/agora.xtec.cat\/ceip-ocata\/wp-json\/wp\/v2\/categories?post=7318"},{"taxonomy":"post_tag","embeddable":true,"href":"https:\/\/agora.xtec.cat\/ceip-ocata\/wp-json\/wp\/v2\/tags?post=7318"}],"curies":[{"name":"wp","href":"https:\/\/api.w.org\/{rel}","templated":true}]}}