{"id":5658,"date":"2021-01-27T18:31:26","date_gmt":"2021-01-27T17:31:26","guid":{"rendered":"http:\/\/agora.xtec.cat\/ceip-ocata\/?p=5658"},"modified":"2021-02-07T11:41:18","modified_gmt":"2021-02-07T10:41:18","slug":"portes-obertes-2","status":"publish","type":"post","link":"https:\/\/agora.xtec.cat\/ceip-ocata\/general\/portes-obertes-2\/","title":{"rendered":"Portes obertes"},"content":{"rendered":"<p><a href=\"https:\/\/agora.xtec.cat\/ceip-ocata\/wp-content\/uploads\/usu386\/2021\/01\/Portes-obertes.jpeg\"><img loading=\"lazy\" decoding=\"async\" class=\"aligncenter wp-image-5695 size-large\" src=\"https:\/\/agora.xtec.cat\/ceip-ocata\/wp-content\/uploads\/usu386\/2021\/01\/Portes-obertes-1024x768.jpeg\" alt=\"\" width=\"1024\" height=\"768\" srcset=\"https:\/\/agora.xtec.cat\/ceip-ocata\/wp-content\/uploads\/usu386\/2021\/01\/Portes-obertes-1024x768.jpeg 1024w, https:\/\/agora.xtec.cat\/ceip-ocata\/wp-content\/uploads\/usu386\/2021\/01\/Portes-obertes-300x225.jpeg 300w, https:\/\/agora.xtec.cat\/ceip-ocata\/wp-content\/uploads\/usu386\/2021\/01\/Portes-obertes-768x576.jpeg 768w, https:\/\/agora.xtec.cat\/ceip-ocata\/wp-content\/uploads\/usu386\/2021\/01\/Portes-obertes-200x150.jpeg 200w, https:\/\/agora.xtec.cat\/ceip-ocata\/wp-content\/uploads\/usu386\/2021\/01\/Portes-obertes.jpeg 2000w\" sizes=\"auto, (max-width: 1024px) 100vw, 1024px\" \/><\/a><\/p>\n<p><span style=\"font-weight: 400;\">Benvolgudes fam\u00edlies,<\/span><\/p>\n<p><span style=\"font-weight: 400;\">Les jornades de portes obertes de l\u2019escola Ocata pel curs escolar 2021-2022 seran els <\/span><b>dies 18, 19 i 20 de febrer <\/b><span style=\"font-weight: 400;\">amb un format diferent de l\u2019habitual.<\/span><\/p>\n<blockquote><p><b>Dijous 18 a les 18h:<\/b><span style=\"font-weight: 400;\"> us convidem a una trobada telem\u00e0tica amb l\u2019equip educatiu on s&#8217;explicaran els aspectes m\u00e9s generals de l\u2019escola i el nostre projecte.<\/span><\/p>\n<p><b>Divendres 19 de 17:30h a 20h i dissabte 20 de 10h a 13h<\/b><span style=\"font-weight: 400;\"> estarem a l\u2019escola per atendre us personalment i resoldre els vostres dubtes.<\/span><\/p>\n<p><em style=\"font-family: inherit; font-size: 1em; color: #222222;\">Aquestes trobades estan condicionades per la situaci\u00f3 sanit\u00e0ria amb les <a href=\"https:\/\/agora.xtec.cat\/ceip-ocata\/wp-content\/uploads\/usu386\/2021\/01\/Instruccions-Salut.pdf\" target=\"_blank\" rel=\"noopener noreferrer\">mesures de seguretat que corresponguin.<\/a><\/em><\/p><\/blockquote>\n<p><span style=\"font-weight: 400;\">Tant si voleu assistir a la trobada telem\u00e0tica i \/o venir presencialment a l\u2019escola cal <strong>demanar cita pr\u00e8via <\/strong>accedint al seg\u00fcent enlla\u00e7: <span style=\"text-decoration: underline;\"><a href=\"https:\/\/forms.gle\/RwmQbVKjH4F1vUNK6\" target=\"_blank\" rel=\"noopener noreferrer\">Formulari de cita pr\u00e8via per Portes obertes.<\/a><\/span><\/span><\/p>\n<blockquote><p>Un cop enviat el formulari us sortir\u00e0 el seg\u00fcent missatge: <em>La vostra resposta s&#8217;ha rebut correctament. Moltes gr\u00e0cies.<\/em><\/p>\n<p>El formulari es tancar\u00e0 dilluns <span style=\"text-decoration: underline;\">15 de febrer<\/span>.<\/p>\n<p><span style=\"text-decoration: underline;\">Dimarts 16 i dimecres 17 de febrer<\/span> assignarem els torns a trav\u00e9s del correu electr\u00f2nic que ens faciliteu en el formulari.<\/p><\/blockquote>\n<p><span style=\"font-weight: 400;\">Si teniu algun dubte podeu escriure\u2019ns a <\/span><em><span style=\"font-weight: 400;\">preinscripcions@escolaocata.cat<\/span><\/em><span style=\"font-weight: 400;\"> o b\u00e9, trucar al tel\u00e8fon de l\u2019escola: 93 555 18 24.\u00a0<\/span><\/p>\n<p>Us convidem a navegar per la nostra p\u00e0gina web i Instagrams de l&#8217;escola, on trobareu informacions, projectes i el nostre dia a dia:<\/p>\n<blockquote><p><a href=\"https:\/\/www.instagram.com\/escolaocata\/\" target=\"_blank\" rel=\"noopener noreferrer\">Instagram escolaocata<\/a><\/p>\n<p><a href=\"https:\/\/www.instagram.com\/escolaocataplastica\/\" target=\"_blank\" rel=\"noopener noreferrer\">Instagram escolaocataplastica<\/a><\/p>\n<p><a href=\"https:\/\/www.instagram.com\/escolaocataverda\/\" target=\"_blank\" rel=\"noopener noreferrer\">Instagram escolaocataverda<\/a><\/p>\n<p>&nbsp;<\/p><\/blockquote>\n<table style=\"height: 101px; width: 299px;\" width=\"358\">\n<tbody>\n<tr>\n<td style=\"width: 293.333px;\"><span style=\"font-weight: 400;\">Dates del proc\u00e9s de <a href=\"http:\/\/queestudiar.gencat.cat\/ca\/preinscripcio\/informacio-general-2021\" target=\"_blank\" rel=\"noopener noreferrer\">preinscripci\u00f3 escolar:<\/a>\u00a0<\/span><\/p>\n<ul>\n<li><span style=\"font-weight: 400;\">del 15 al 24 de mar\u00e7 de 2021<\/span><\/li>\n<\/ul>\n<\/td>\n<\/tr>\n<\/tbody>\n<\/table>\n<p>&nbsp;<\/p>\n","protected":false},"excerpt":{"rendered":"<p><a href=\"https:\/\/agora.xtec.cat\/ceip-ocata\/wp-content\/uploads\/usu386\/2021\/01\/Portes-obertes.jpeg\"><\/a><br \/>\nBenvolgudes fam\u00edlies,<br \/>\nLes jornades de portes obertes de l\u2019escola Ocata pel curs escolar 2021-2022 seran els dies 18, 19 i 20 de febrer amb un format diferent de l\u2019habitual.<br \/>\nDijous 18 a les 18h: us convidem a una trobada telem\u00e0tica amb l\u2019equip educatiu on s&#8217;explicaran els&hellip;  <a href=\"https:\/\/agora.xtec.cat\/ceip-ocata\/general\/portes-obertes-2\/\" title=\"Read Portes obertes\">Llegeix m\u00e9s\u00bb<\/a><\/p>\n","protected":false},"author":1,"featured_media":5695,"comment_status":"open","ping_status":"closed","sticky":false,"template":"","format":"standard","meta":{"_bbp_topic_count":0,"_bbp_reply_count":0,"_bbp_total_topic_count":0,"_bbp_total_reply_count":0,"_bbp_voice_count":0,"_bbp_anonymous_reply_count":0,"_bbp_topic_count_hidden":0,"_bbp_reply_count_hidden":0,"_bbp_forum_subforum_count":0,"footnotes":""},"categories":[1,4],"tags":[],"class_list":["post-5658","post","type-post","status-publish","format-standard","has-post-thumbnail","hentry","category-general","category-portada"],"post_mailing_queue_ids":[],"_links":{"self":[{"href":"https:\/\/agora.xtec.cat\/ceip-ocata\/wp-json\/wp\/v2\/posts\/5658","targetHints":{"allow":["GET"]}}],"collection":[{"href":"https:\/\/agora.xtec.cat\/ceip-ocata\/wp-json\/wp\/v2\/posts"}],"about":[{"href":"https:\/\/agora.xtec.cat\/ceip-ocata\/wp-json\/wp\/v2\/types\/post"}],"author":[{"embeddable":true,"href":"https:\/\/agora.xtec.cat\/ceip-ocata\/wp-json\/wp\/v2\/users\/1"}],"replies":[{"embeddable":true,"href":"https:\/\/agora.xtec.cat\/ceip-ocata\/wp-json\/wp\/v2\/comments?post=5658"}],"version-history":[{"count":4,"href":"https:\/\/agora.xtec.cat\/ceip-ocata\/wp-json\/wp\/v2\/posts\/5658\/revisions"}],"predecessor-version":[{"id":7307,"href":"https:\/\/agora.xtec.cat\/ceip-ocata\/wp-json\/wp\/v2\/posts\/5658\/revisions\/7307"}],"wp:featuredmedia":[{"embeddable":true,"href":"https:\/\/agora.xtec.cat\/ceip-ocata\/wp-json\/wp\/v2\/media\/5695"}],"wp:attachment":[{"href":"https:\/\/agora.xtec.cat\/ceip-ocata\/wp-json\/wp\/v2\/media?parent=5658"}],"wp:term":[{"taxonomy":"category","embeddable":true,"href":"https:\/\/agora.xtec.cat\/ceip-ocata\/wp-json\/wp\/v2\/categories?post=5658"},{"taxonomy":"post_tag","embeddable":true,"href":"https:\/\/agora.xtec.cat\/ceip-ocata\/wp-json\/wp\/v2\/tags?post=5658"}],"curies":[{"name":"wp","href":"https:\/\/api.w.org\/{rel}","templated":true}]}}