{"id":5192,"date":"2020-05-12T11:01:02","date_gmt":"2020-05-12T09:01:02","guid":{"rendered":"http:\/\/agora.xtec.cat\/ceip-ocata\/?p=5192"},"modified":"2020-05-20T14:18:38","modified_gmt":"2020-05-20T12:18:38","slug":"preinscripcio-i-matricula-2020-2021","status":"publish","type":"post","link":"https:\/\/agora.xtec.cat\/ceip-ocata\/general\/preinscripcio-i-matricula-2020-2021\/","title":{"rendered":"Preinscripci\u00f3 i matr\u00edcula 2020-2021"},"content":{"rendered":"<h4><a href=\"http:\/\/ensenyament.gencat.cat\/ca\/tramits\/tramits-temes\/20483-obligatoris?category=74447ed8-a82c-11e3-a972-000c29052e2c&amp;moda=1\" target=\"_blank\" rel=\"noopener noreferrer\">Enlla\u00e7 per presentar la sol\u00b7licitud<\/a><\/h4>\n<table class=\" aligncenter\" style=\"height: 902px; width: 674px;\" width=\"683\">\n<tbody>\n<tr style=\"height: 40px;\">\n<td style=\"width: 668.889px; text-align: left; height: 25px;\" colspan=\"2\">\n<h4 style=\"text-align: center;\"><strong>COM FAREM LA PREINSCRIPCI\u00d3?<\/strong><\/h4>\n<p style=\"text-align: center;\"><em><strong><a href=\"https:\/\/www.youtube.com\/watch?time_continue=1&amp;v=nImG3z2IoVY&amp;feature=emb_logo\" target=\"_blank\" rel=\"noopener noreferrer\">Tutorial\u00a0 preinscripci\u00f3 Telem\u00e0tica<\/a><\/strong><\/em><\/p>\n<p style=\"text-align: center;\"><a href=\"http:\/\/queestudiar.gencat.cat\/ca\/preinscripcio\/info-idiomes\/\" target=\"_blank\" rel=\"noopener noreferrer\"><em><strong>Informaci\u00f3 b\u00e0sica tradu\u00efda en diverses lleng\u00fces sobre la preinscripci\u00f3<\/strong><\/em><\/a><\/p>\n<\/td>\n<\/tr>\n<tr style=\"height: 19px;\">\n<td style=\"width: 668.889px; text-align: left; height: 10px;\" colspan=\"2\">\n<p style=\"text-align: center;\"><strong>PREINSCRIPCI\u00d3 TELEM\u00c0TICA del 13 al 22 de maig<\/strong><\/p>\n<\/td>\n<\/tr>\n<tr style=\"height: 318px;\">\n<td style=\"width: 308.889px; height: 318px;\">1.\u00a0\u00a0\u00a0 Emplenar la <strong><em><a href=\"http:\/\/ensenyament.gencat.cat\/ca\/tramits\/tramits-temes\/20483-obligatoris?category=74447ed8-a82c-11e3-a972-000c29052e2c&amp;moda=1\" target=\"_blank\" rel=\"noopener noreferrer\">sol\u00b7licitud de preinscripci\u00f3.\u00a0<\/a><\/em><\/strong><\/p>\n<p>2.\u00a0\u00a0\u00a0 Enviar un correu a\u00a0 a8020723@xtec.cat \u00a0adjuntant:<\/p>\n<ul>\n<li>Resguard de la sol\u00b7licitud de preinscripci\u00f3.<\/li>\n<li>Documentaci\u00f3 acreditativa fotografiada o escanejada.<\/li>\n<\/ul>\n<p><em>*Rebreu un correu del centre confirmant la preinscripci\u00f3.<\/em><\/td>\n<td style=\"width: 358.889px; height: 318px;\"><strong>Documentaci\u00f3 acreditativa:<\/strong><\/p>\n<ul>\n<li>C\u00f2pia del llibre de fam\u00edlia o altres documents relatius a la filiaci\u00f3.<\/li>\n<li>C\u00f2pia del DNI de la persona sol\u00b7licitant (pare, mare, tutor\/a o guardador\/a de fet) o, si el sol\u00b7licitant \u00e9s estranger, de la targeta de resid\u00e8ncia on consta el NIE o el passaport.<\/li>\n<li>C\u00f2pia del DNI de l\u2019alumne o alumna major de 14 anys o si t\u00e9 DNI tot i ser menor de 14 anys.<\/li>\n<li><em>Recordeu que si feu la preinscripci\u00f3 telem\u00e0tica, no cal l\u2019original i c\u00f2pia, nom\u00e9s una <strong>fotografia o el document escanejat<\/strong>.<\/em><\/li>\n<\/ul>\n<\/td>\n<\/tr>\n<tr style=\"height: 57px;\">\n<td style=\"width: 668.889px; height: 57px;\" colspan=\"2\"><strong>\u00a0 \u00a0 \u00a0 \u00a0 \u00a0 \u00a0 \u00a0 \u00a0PREINSCRIPCI\u00d3 PRESENCIAL* (CASOS EXCEPCIONALS) del 18 al 22 de maig<\/strong><\/td>\n<\/tr>\n<tr style=\"height: 366px;\">\n<td style=\"width: 308.889px; height: 87px;\">1.Demanar cita pr\u00e8via:<\/p>\n<ul>\n<li>Trucant al <strong>648 277 011<\/strong>.\u00a0<strong>De 09:00 a 12:00<\/strong>.<\/li>\n<li>Es podr\u00e0, tamb\u00e9, deixar missatge de text al WhatsApp del tel\u00e8fon i us retornarem la trucada.<\/li>\n<\/ul>\n<p>2. Assistir al centre amb la sol\u00b7licitud emplenada i la documentaci\u00f3 acreditativa.<\/p>\n<p><strong>*Cal portar la sol\u00b7licitud emplenada.<\/strong><\/p>\n<p>&nbsp;<\/td>\n<td style=\"width: 358.889px; height: 87px;\"><strong>Documentaci\u00f3 acreditativa:<\/strong><\/p>\n<ul>\n<li><a href=\"https:\/\/agora.xtec.cat\/ceip-ocata\/wp-content\/uploads\/usu386\/bp-attachments\/4379\/Sol\u00b7licitud-preinscripci\u00f3.pdf\" target=\"_blank\" rel=\"noopener noreferrer\">Sol\u00b7licitud de preinscripci\u00f3.<\/a><\/li>\n<li>Original i c\u00f2pia del llibre de fam\u00edlia o altres documents relatius a la filiaci\u00f3.<\/li>\n<li>Original i c\u00f2pia del DNI de la persona sol\u00b7licitant (pare, mare, tutor\/a o guardador\/a de fet) o, si el sol\u00b7licitant \u00e9s estranger, de la targeta de resid\u00e8ncia on consta el NIE o el passaport<\/li>\n<li>Original i c\u00f2pia del DNI de l\u2019alumne o alumna major de 14 anys o si t\u00e9 DNI tot i ser menor de 14 anys.<\/li>\n<\/ul>\n<\/td>\n<\/tr>\n<tr style=\"height: 216px;\">\n<td style=\"width: 668.889px; height: 169px;\" colspan=\"2\">Aqu\u00ed teniu els enlla\u00e7os rellevants sobre la preinscripci\u00f3 i la matricula:<\/p>\n<p><em><strong>&#8211;\u00a0\u00a0\u00a0\u00a0\u00a0\u00a0 <u><a href=\"http:\/\/ensenyament.gencat.cat\/ca\/tramits\/tramits-temes\/20483_preinscripcio_escolar?moda=1\" target=\"_blank\" rel=\"noopener noreferrer\">Presentaci\u00f3 de la sol\u00b7licitud<\/a>.<\/u><\/strong><\/em><\/p>\n<p><em><strong>&#8211;\u00a0\u00a0\u00a0\u00a0\u00a0\u00a0 <u><a href=\"http:\/\/queestudiar.gencat.cat\/es\/preinscripcio\/estudis\/obligatoris\/documentacio\/\" target=\"_blank\" rel=\"noopener noreferrer\">La documentaci\u00f3 i els criteris de prioritat<\/a>.<\/u>\u00a0<\/strong><\/em><\/p>\n<p><em><strong>&#8211;\u00a0\u00a0\u00a0\u00a0\u00a0\u00a0 <a href=\"http:\/\/queestudiar.gencat.cat\/ca\/preinscripcio\/estudis\/obligatoris\/consulta-resultats\/\" target=\"_blank\" rel=\"noopener noreferrer\">Consulta de resultats<\/a><\/strong><\/em><\/p>\n<p><em><strong>&#8211;\u00a0\u00a0\u00a0\u00a0\u00a0\u00a0 <a href=\"http:\/\/queestudiar.gencat.cat\/ca\/preinscripcio\/estudis\/obligatoris\/matricula\/\" target=\"_blank\" rel=\"noopener noreferrer\">Matriculaci\u00f3<\/a><\/strong><\/em><\/td>\n<\/tr>\n<\/tbody>\n<\/table>\n<p>&nbsp;<\/p>\n<p>&nbsp;<\/p>\n<p>&nbsp;<\/p>\n<p>&nbsp;<\/p>\n<p>&nbsp;<\/p>\n<p>&nbsp;<\/p>\n<p>&nbsp;<\/p>\n<blockquote><p><em>*Aquelles fam\u00edlies que hagin de fer \u00fas de la preinscripci\u00f3 presencial, cal que segueixin les seg\u00fcents mesures de seguretat per tal de garantir la salut de totes les persones.<\/em><\/p>\n<ul>\n<li><em>\u00das de mascaretes i guants.<\/em><\/li>\n<li><em>Mantenir la dist\u00e0ncia de seguretat.<\/em><\/li>\n<li><em>Portar el vostre bol\u00edgraf.<\/em><\/li>\n<\/ul>\n<p><strong><em>No poden portar a terme la preinscripci\u00f3 les persones de grups d\u2019especial vulnerabilitat o en per\u00edode de confinament, o que presentin s\u00edmptomes<\/em><\/strong><em>. En aquests casos, es pot autoritzar per escrit a una altra persona per fer el tr\u00e0mit.<\/em><\/p><\/blockquote>\n<p>&nbsp;<\/p>\n<table class=\" aligncenter\" style=\"width: 730px; height: 163px;\">\n<tbody>\n<tr style=\"height: 163px;\">\n<td style=\"width: 305.556px; height: 163px;\">&nbsp;<\/p>\n<p>La <strong>matricula<\/strong> es far\u00e0 del 13 al 17 de juliol.<\/p>\n<p>Anunciarem els tr\u00e0mits per formalitzar la matr\u00edcula en aquesta mateixa web.<\/td>\n<td style=\"width: 181.111px; height: 163px;\">Codi de l&#8217;escola Ocata\u00a0 \u00a0 \u00a0 \u00a0 \u00a0 \u00a0 \u00a0 \u00a008020723<\/td>\n<td style=\"width: 238.889px; height: 163px;\">\n<p style=\"text-align: left;\"><a href=\"http:\/\/mapaescolar.gencat.cat\/\" target=\"_blank\" rel=\"noopener noreferrer\"><strong><em>Mapa escolar<\/em><\/strong><\/a> &#8211; informaci\u00f3 referent a les vacants de les escoles del Departament d&#8217;Educaci\u00f3.<\/p>\n<\/td>\n<\/tr>\n<\/tbody>\n<\/table>\n","protected":false},"excerpt":{"rendered":"<p><a href=\"http:\/\/ensenyament.gencat.cat\/ca\/tramits\/tramits-temes\/20483-obligatoris?category=74447ed8-a82c-11e3-a972-000c29052e2c&amp;moda=1\" target=\"_blank\" rel=\"noopener noreferrer\">Enlla\u00e7 per presentar la sol\u00b7licitud<\/a><\/p>\n<p>COM FAREM LA PREINSCRIPCI\u00d3?<br \/>\n<a href=\"https:\/\/www.youtube.com\/watch?time_continue=1&amp;v=nImG3z2IoVY&amp;feature=emb_logo\" target=\"_blank\" rel=\"noopener noreferrer\">Tutorial\u00a0 preinscripci\u00f3 Telem\u00e0tica<\/a><br \/>\n<a href=\"http:\/\/queestudiar.gencat.cat\/ca\/preinscripcio\/info-idiomes\/\" target=\"_blank\" rel=\"noopener noreferrer\">Informaci\u00f3 b\u00e0sica tradu\u00efda en diverses lleng\u00fces sobre la preinscripci\u00f3<\/a><\/p>\n<p>PREINSCRIPCI\u00d3 TELEM\u00c0TICA del 13 al 22 de maig<\/p>\n<p>1.\u00a0\u00a0\u00a0 Emplenar la <a href=\"http:\/\/ensenyament.gencat.cat\/ca\/tramits\/tramits-temes\/20483-obligatoris?category=74447ed8-a82c-11e3-a972-000c29052e2c&amp;moda=1\" target=\"_blank\" rel=\"noopener noreferrer\">sol\u00b7licitud de&hellip;  <a href=\"https:\/\/agora.xtec.cat\/ceip-ocata\/general\/preinscripcio-i-matricula-2020-2021\/\" title=\"Read Preinscripci\u00f3 i matr\u00edcula 2020-2021\">Llegeix m\u00e9s\u00bb<\/a><\/p>\n","protected":false},"author":1,"featured_media":0,"comment_status":"open","ping_status":"closed","sticky":false,"template":"","format":"standard","meta":{"_bbp_topic_count":0,"_bbp_reply_count":0,"_bbp_total_topic_count":0,"_bbp_total_reply_count":0,"_bbp_voice_count":0,"_bbp_anonymous_reply_count":0,"_bbp_topic_count_hidden":0,"_bbp_reply_count_hidden":0,"_bbp_forum_subforum_count":0,"footnotes":""},"categories":[1,4],"tags":[174,177],"class_list":["post-5192","post","type-post","status-publish","format-standard","hentry","category-general","category-portada","tag-confinament","tag-preinscripcio"],"post_mailing_queue_ids":[],"_links":{"self":[{"href":"https:\/\/agora.xtec.cat\/ceip-ocata\/wp-json\/wp\/v2\/posts\/5192","targetHints":{"allow":["GET"]}}],"collection":[{"href":"https:\/\/agora.xtec.cat\/ceip-ocata\/wp-json\/wp\/v2\/posts"}],"about":[{"href":"https:\/\/agora.xtec.cat\/ceip-ocata\/wp-json\/wp\/v2\/types\/post"}],"author":[{"embeddable":true,"href":"https:\/\/agora.xtec.cat\/ceip-ocata\/wp-json\/wp\/v2\/users\/1"}],"replies":[{"embeddable":true,"href":"https:\/\/agora.xtec.cat\/ceip-ocata\/wp-json\/wp\/v2\/comments?post=5192"}],"version-history":[{"count":4,"href":"https:\/\/agora.xtec.cat\/ceip-ocata\/wp-json\/wp\/v2\/posts\/5192\/revisions"}],"predecessor-version":[{"id":5244,"href":"https:\/\/agora.xtec.cat\/ceip-ocata\/wp-json\/wp\/v2\/posts\/5192\/revisions\/5244"}],"wp:attachment":[{"href":"https:\/\/agora.xtec.cat\/ceip-ocata\/wp-json\/wp\/v2\/media?parent=5192"}],"wp:term":[{"taxonomy":"category","embeddable":true,"href":"https:\/\/agora.xtec.cat\/ceip-ocata\/wp-json\/wp\/v2\/categories?post=5192"},{"taxonomy":"post_tag","embeddable":true,"href":"https:\/\/agora.xtec.cat\/ceip-ocata\/wp-json\/wp\/v2\/tags?post=5192"}],"curies":[{"name":"wp","href":"https:\/\/api.w.org\/{rel}","templated":true}]}}