{"id":5171,"date":"2020-05-08T09:33:32","date_gmt":"2020-05-08T07:33:32","guid":{"rendered":"http:\/\/agora.xtec.cat\/ceip-ocata\/?p=5171"},"modified":"2020-05-08T09:33:32","modified_gmt":"2020-05-08T07:33:32","slug":"nou-apartat-a-la-web-de-lescola","status":"publish","type":"post","link":"https:\/\/agora.xtec.cat\/ceip-ocata\/general\/nou-apartat-a-la-web-de-lescola\/","title":{"rendered":"Nou apartat a la web de l&#8217;escola"},"content":{"rendered":"<p>Tenim un nou apartat a la web: <em><strong><a href=\"https:\/\/agora.xtec.cat\/ceip-ocata\/recursos-per-les-families\/\">Recursos per les fam\u00edlies\u00a0<\/a><\/strong><\/em>que est\u00e0 en el men\u00fa principal. La finalitat d&#8217;aquest espai \u00e9s compartir amb vosaltres recursos i materials tant externs al centre, que ens poden semblar adients i interessants, com tamb\u00e9 recursos i materials elaborats pel professorat del centre, que poden ajudar a les fam\u00edlies, i tamb\u00e9 al centre a mostrar les metodologies emprades i la l\u00ednia d\u2019escola. En resum, \u00e9s un espai en moviment, on anem penjant enlla\u00e7os i recomanacions per les fam\u00edlies.<\/p>\n<p>Recentment hem publicat dos apartats:<\/p>\n<blockquote><p><strong>Bibliografia recomanada<\/strong> pels docents del centre.<\/p>\n<p><strong>Ajuts per pal\u00b7liar la crisi<\/strong> on es facilita l&#8217;enlla\u00e7 de la web de <em>Gencat.cat<\/em> on teniu tot el recull d&#8217;ajuts disponibles actualment.<\/p><\/blockquote>\n<p>&nbsp;<\/p>\n","protected":false},"excerpt":{"rendered":"<p>Tenim un nou apartat a la web: <a href=\"https:\/\/agora.xtec.cat\/ceip-ocata\/recursos-per-les-families\/\">Recursos per les fam\u00edlies\u00a0<\/a>que est\u00e0 en el men\u00fa principal. La finalitat d&#8217;aquest espai \u00e9s compartir amb vosaltres recursos i materials tant externs al centre, que ens poden semblar adients i interessants, com tamb\u00e9 recursos i materials elaborats&hellip;  <a href=\"https:\/\/agora.xtec.cat\/ceip-ocata\/general\/nou-apartat-a-la-web-de-lescola\/\" title=\"Read Nou apartat a la web de l&#8217;escola\">Llegeix m\u00e9s\u00bb<\/a><\/p>\n","protected":false},"author":1,"featured_media":0,"comment_status":"open","ping_status":"closed","sticky":false,"template":"","format":"standard","meta":{"_bbp_topic_count":0,"_bbp_reply_count":0,"_bbp_total_topic_count":0,"_bbp_total_reply_count":0,"_bbp_voice_count":0,"_bbp_anonymous_reply_count":0,"_bbp_topic_count_hidden":0,"_bbp_reply_count_hidden":0,"_bbp_forum_subforum_count":0,"footnotes":""},"categories":[1,2,4,5],"tags":[190,174],"class_list":["post-5171","post","type-post","status-publish","format-standard","hentry","category-general","category-infantil","category-portada","category-primaria","tag-apartat","tag-confinament"],"post_mailing_queue_ids":[],"_links":{"self":[{"href":"https:\/\/agora.xtec.cat\/ceip-ocata\/wp-json\/wp\/v2\/posts\/5171","targetHints":{"allow":["GET"]}}],"collection":[{"href":"https:\/\/agora.xtec.cat\/ceip-ocata\/wp-json\/wp\/v2\/posts"}],"about":[{"href":"https:\/\/agora.xtec.cat\/ceip-ocata\/wp-json\/wp\/v2\/types\/post"}],"author":[{"embeddable":true,"href":"https:\/\/agora.xtec.cat\/ceip-ocata\/wp-json\/wp\/v2\/users\/1"}],"replies":[{"embeddable":true,"href":"https:\/\/agora.xtec.cat\/ceip-ocata\/wp-json\/wp\/v2\/comments?post=5171"}],"version-history":[{"count":1,"href":"https:\/\/agora.xtec.cat\/ceip-ocata\/wp-json\/wp\/v2\/posts\/5171\/revisions"}],"predecessor-version":[{"id":5172,"href":"https:\/\/agora.xtec.cat\/ceip-ocata\/wp-json\/wp\/v2\/posts\/5171\/revisions\/5172"}],"wp:attachment":[{"href":"https:\/\/agora.xtec.cat\/ceip-ocata\/wp-json\/wp\/v2\/media?parent=5171"}],"wp:term":[{"taxonomy":"category","embeddable":true,"href":"https:\/\/agora.xtec.cat\/ceip-ocata\/wp-json\/wp\/v2\/categories?post=5171"},{"taxonomy":"post_tag","embeddable":true,"href":"https:\/\/agora.xtec.cat\/ceip-ocata\/wp-json\/wp\/v2\/tags?post=5171"}],"curies":[{"name":"wp","href":"https:\/\/api.w.org\/{rel}","templated":true}]}}