{"id":4172,"date":"2019-12-08T22:55:31","date_gmt":"2019-12-08T21:55:31","guid":{"rendered":"http:\/\/agora.xtec.cat\/ceip-ocata\/?p=4172"},"modified":"2019-12-08T23:17:15","modified_gmt":"2019-12-08T22:17:15","slug":"els-dinosaures-anem-al-mercat","status":"publish","type":"post","link":"https:\/\/agora.xtec.cat\/ceip-ocata\/general\/els-dinosaures-anem-al-mercat\/","title":{"rendered":"ELS DINOSAURES ANEM AL MERCAT"},"content":{"rendered":"<p>Els dinosaures hem anat al mercat a visitar-lo i comprar fruites de tardor: peres.pomes,ra\u00efm,pl\u00e0tans,caquis,taronges&#8230; El dia abans vam escriure una llista amb tot all\u00f2 que haviem de comprar.Un cop al mercat ens vam fixar en totes les parades per\u00f2 en especial en la fruiteria que \u00e9s on vam comprar .Ja enll\u00e0 i despr\u00e9s de mirar la llista ,uns demanaven la fruita i altres pagaven i la ficaven a la bossa. Despr\u00e9s vam esmorzar bastonets i xocolata al parc de Pla\u00e7a Espanya on vam jugar i ens ho vam passar molt b\u00e9. I tot aix\u00f2 acompanyats per l&#8217;Alicia ,mare de l&#8217;Etna\u00a0 i el Jordi,pare de l&#8217;Aran.<\/p>\n<p>El Gerard; pare del Manu, l&#8217;Andrea, mare del Nil, i l&#8217; Alicia,\u00a0\u00a0 van venir un altre dia i entre tots vam fer\u00a0 maced\u00f2nia per esmorzar. Estava bon\u00edssima!!!. Gr\u00e0cies per la vostra implicaci\u00f3 i col.laboraci\u00f3.<\/p>\n<p>&nbsp;<\/p>\n<p><a href=\"https:\/\/photos.app.goo.gl\/vnH2HhdkZeif5qRU6\"><img loading=\"lazy\" decoding=\"async\" class=\"aligncenter wp-image-4179 size-full\" src=\"https:\/\/agora.xtec.cat\/ceip-ocata\/wp-content\/uploads\/usu386\/2019\/12\/20191106_100254.jpg\" alt=\"\" width=\"577\" height=\"433\" srcset=\"https:\/\/agora.xtec.cat\/ceip-ocata\/wp-content\/uploads\/usu386\/2019\/12\/20191106_100254.jpg 577w, https:\/\/agora.xtec.cat\/ceip-ocata\/wp-content\/uploads\/usu386\/2019\/12\/20191106_100254-300x225.jpg 300w, https:\/\/agora.xtec.cat\/ceip-ocata\/wp-content\/uploads\/usu386\/2019\/12\/20191106_100254-200x150.jpg 200w\" sizes=\"auto, (max-width: 577px) 100vw, 577px\" \/><\/a><\/p>\n","protected":false},"excerpt":{"rendered":"<p>Els dinosaures anem al mercat&hellip;  <a href=\"https:\/\/agora.xtec.cat\/ceip-ocata\/general\/els-dinosaures-anem-al-mercat\/\" title=\"Read ELS DINOSAURES ANEM AL MERCAT\">Llegeix m\u00e9s\u00bb<\/a><\/p>\n","protected":false},"author":6,"featured_media":4179,"comment_status":"open","ping_status":"closed","sticky":false,"template":"","format":"standard","meta":{"_bbp_topic_count":0,"_bbp_reply_count":0,"_bbp_total_topic_count":0,"_bbp_total_reply_count":0,"_bbp_voice_count":0,"_bbp_anonymous_reply_count":0,"_bbp_topic_count_hidden":0,"_bbp_reply_count_hidden":0,"_bbp_forum_subforum_count":0,"footnotes":""},"categories":[1,2,8,4],"tags":[],"class_list":["post-4172","post","type-post","status-publish","format-standard","has-post-thumbnail","hentry","category-general","category-infantil","category-p4","category-portada"],"post_mailing_queue_ids":[],"_links":{"self":[{"href":"https:\/\/agora.xtec.cat\/ceip-ocata\/wp-json\/wp\/v2\/posts\/4172","targetHints":{"allow":["GET"]}}],"collection":[{"href":"https:\/\/agora.xtec.cat\/ceip-ocata\/wp-json\/wp\/v2\/posts"}],"about":[{"href":"https:\/\/agora.xtec.cat\/ceip-ocata\/wp-json\/wp\/v2\/types\/post"}],"author":[{"embeddable":true,"href":"https:\/\/agora.xtec.cat\/ceip-ocata\/wp-json\/wp\/v2\/users\/6"}],"replies":[{"embeddable":true,"href":"https:\/\/agora.xtec.cat\/ceip-ocata\/wp-json\/wp\/v2\/comments?post=4172"}],"version-history":[{"count":3,"href":"https:\/\/agora.xtec.cat\/ceip-ocata\/wp-json\/wp\/v2\/posts\/4172\/revisions"}],"predecessor-version":[{"id":4185,"href":"https:\/\/agora.xtec.cat\/ceip-ocata\/wp-json\/wp\/v2\/posts\/4172\/revisions\/4185"}],"wp:featuredmedia":[{"embeddable":true,"href":"https:\/\/agora.xtec.cat\/ceip-ocata\/wp-json\/wp\/v2\/media\/4179"}],"wp:attachment":[{"href":"https:\/\/agora.xtec.cat\/ceip-ocata\/wp-json\/wp\/v2\/media?parent=4172"}],"wp:term":[{"taxonomy":"category","embeddable":true,"href":"https:\/\/agora.xtec.cat\/ceip-ocata\/wp-json\/wp\/v2\/categories?post=4172"},{"taxonomy":"post_tag","embeddable":true,"href":"https:\/\/agora.xtec.cat\/ceip-ocata\/wp-json\/wp\/v2\/tags?post=4172"}],"curies":[{"name":"wp","href":"https:\/\/api.w.org\/{rel}","templated":true}]}}