{"id":3830,"date":"2019-06-09T20:02:40","date_gmt":"2019-06-09T18:02:40","guid":{"rendered":"http:\/\/agora.xtec.cat\/ceip-ocata\/?p=3830"},"modified":"2019-06-09T20:02:40","modified_gmt":"2019-06-09T18:02:40","slug":"consell-municipal-dels-infants-2","status":"publish","type":"post","link":"https:\/\/agora.xtec.cat\/ceip-ocata\/general\/consell-municipal-dels-infants-2\/","title":{"rendered":"CONSELL MUNICIPAL DELS INFANTS"},"content":{"rendered":"<p>El dia 5 de juny, va tenir lloc el <strong>Consell Municipal dels Infants <\/strong>a la Sala de Plens de l\u2019Ajuntament. Es van reunir els representants dels grups de sis\u00e8 de totes les escoles del municipi. L\u2019Helena Rodr\u00edguez Artacho i el V\u00edctor Blanchart Mar\u00edn, elegits democr\u00e0ticament pels seus companys i companyes,\u00a0 van ser els representants de la nostra escola. Es van fer propostes de millora, treballades pr\u00e8viament a les diferents classes,\u00a0 sobre la platja i el passeig mar\u00edtim, aix\u00ed com a propostes de campanyes de sensibilitzaci\u00f3 sobre tenir cura del medi ambient i afavorir la conviv\u00e8ncia. . A continuaci\u00f3, es va votar per decidir quines seran les propostes que es duran a terme. La resta d\u2019alumnes de sis\u00e8 van seguir l\u2019acte en directe des de la classe.<\/p>\n<p>&nbsp;<\/p>\n<p>&nbsp;<\/p>\n<p>&nbsp;<\/p>\n<p><a href=\"https:\/\/photos.app.goo.gl\/WohZeeC8fAWR6yCGA\">https:\/\/photos.app.goo.gl\/WohZeeC8fAWR6yCGA<\/a><\/p>\n","protected":false},"excerpt":{"rendered":"<p>El dia 5 de juny, va tenir lloc el Consell Municipal dels Infants a la Sala de Plens de l\u2019Ajuntament. Es van reunir els representants dels grups de sis\u00e8 de totes les escoles del municipi. L\u2019Helena Rodr\u00edguez Artacho i el V\u00edctor Blanchart Mar\u00edn, elegits democr\u00e0ticament&hellip;  <a href=\"https:\/\/agora.xtec.cat\/ceip-ocata\/general\/consell-municipal-dels-infants-2\/\" title=\"Read CONSELL MUNICIPAL DELS INFANTS\">Llegeix m\u00e9s\u00bb<\/a><\/p>\n","protected":false},"author":3,"featured_media":3835,"comment_status":"open","ping_status":"closed","sticky":false,"template":"","format":"standard","meta":{"_bbp_topic_count":0,"_bbp_reply_count":0,"_bbp_total_topic_count":0,"_bbp_total_reply_count":0,"_bbp_voice_count":0,"_bbp_anonymous_reply_count":0,"_bbp_topic_count_hidden":0,"_bbp_reply_count_hidden":0,"_bbp_forum_subforum_count":0,"footnotes":""},"categories":[15,1,4],"tags":[],"class_list":["post-3830","post","type-post","status-publish","format-standard","has-post-thumbnail","hentry","category-6e","category-general","category-portada"],"post_mailing_queue_ids":[],"_links":{"self":[{"href":"https:\/\/agora.xtec.cat\/ceip-ocata\/wp-json\/wp\/v2\/posts\/3830","targetHints":{"allow":["GET"]}}],"collection":[{"href":"https:\/\/agora.xtec.cat\/ceip-ocata\/wp-json\/wp\/v2\/posts"}],"about":[{"href":"https:\/\/agora.xtec.cat\/ceip-ocata\/wp-json\/wp\/v2\/types\/post"}],"author":[{"embeddable":true,"href":"https:\/\/agora.xtec.cat\/ceip-ocata\/wp-json\/wp\/v2\/users\/3"}],"replies":[{"embeddable":true,"href":"https:\/\/agora.xtec.cat\/ceip-ocata\/wp-json\/wp\/v2\/comments?post=3830"}],"version-history":[{"count":3,"href":"https:\/\/agora.xtec.cat\/ceip-ocata\/wp-json\/wp\/v2\/posts\/3830\/revisions"}],"predecessor-version":[{"id":3834,"href":"https:\/\/agora.xtec.cat\/ceip-ocata\/wp-json\/wp\/v2\/posts\/3830\/revisions\/3834"}],"wp:featuredmedia":[{"embeddable":true,"href":"https:\/\/agora.xtec.cat\/ceip-ocata\/wp-json\/wp\/v2\/media\/3835"}],"wp:attachment":[{"href":"https:\/\/agora.xtec.cat\/ceip-ocata\/wp-json\/wp\/v2\/media?parent=3830"}],"wp:term":[{"taxonomy":"category","embeddable":true,"href":"https:\/\/agora.xtec.cat\/ceip-ocata\/wp-json\/wp\/v2\/categories?post=3830"},{"taxonomy":"post_tag","embeddable":true,"href":"https:\/\/agora.xtec.cat\/ceip-ocata\/wp-json\/wp\/v2\/tags?post=3830"}],"curies":[{"name":"wp","href":"https:\/\/api.w.org\/{rel}","templated":true}]}}