{"id":3632,"date":"2019-04-23T13:42:23","date_gmt":"2019-04-23T11:42:23","guid":{"rendered":"http:\/\/agora.xtec.cat\/ceip-ocata\/?p=3632"},"modified":"2019-04-24T08:08:37","modified_gmt":"2019-04-24T06:08:37","slug":"sant-jordi-2019","status":"publish","type":"post","link":"https:\/\/agora.xtec.cat\/ceip-ocata\/general\/sant-jordi-2019\/","title":{"rendered":"Sant Jordi 2019"},"content":{"rendered":"<p>Per Sant Jordi, llibres i roses i a l&#8217;escola&#8230;<\/p>\n<p>Pel mat\u00ed, entre altres activitats, sortim al carrer i traiem a passejar al nostre drac Ocat\u00f3n acompanyat de la gegantona Mariona i el Cavaller del Llu\u00e7. Per tal de donar m\u00e9s ritme a la r\u00faa,\u00a0alguns\/es alumnes de 5\u00e8 fan de timbalers.<\/p>\n<p>Per la tarda, celebrem\u00a0els jocs florals, on els\/les guanyadors\/es ens llegeixen els seus escrits i s\u2019emporten un llibre de regal, un joc i una planta per al grup-classe.<\/p>\n<p>Gr\u00e0cies a tots els\/les alumnes per participar-hi!<\/p>\n<p>Aqu\u00ed teniu una petita mostra d\u2019aquest gran dia:<\/p>\n<p><a href=\"https:\/\/photos.app.goo.gl\/oSwUtJ8gPtTWY5LY9\" target=\"_blank\" rel=\"noopener\"><img loading=\"lazy\" decoding=\"async\" class=\"aligncenter size-medium wp-image-3635\" src=\"https:\/\/agora.xtec.cat\/ceip-ocata\/wp-content\/uploads\/usu386\/2019\/04\/0-sant-jordi-300x197.jpg\" alt=\"\" width=\"300\" height=\"197\" srcset=\"https:\/\/agora.xtec.cat\/ceip-ocata\/wp-content\/uploads\/usu386\/2019\/04\/0-sant-jordi-300x197.jpg 300w, https:\/\/agora.xtec.cat\/ceip-ocata\/wp-content\/uploads\/usu386\/2019\/04\/0-sant-jordi.jpg 436w\" sizes=\"auto, (max-width: 300px) 100vw, 300px\" \/><\/a><\/p>\n<p>&nbsp;<\/p>\n","protected":false},"excerpt":{"rendered":"<p>Per Sant Jordi, llibres i roses i a l&#8217;escola&#8230;&hellip;  <a href=\"https:\/\/agora.xtec.cat\/ceip-ocata\/general\/sant-jordi-2019\/\" title=\"Read Sant Jordi 2019\">Llegeix m\u00e9s\u00bb<\/a><\/p>\n","protected":false},"author":1,"featured_media":3635,"comment_status":"open","ping_status":"closed","sticky":false,"template":"","format":"standard","meta":{"_bbp_topic_count":0,"_bbp_reply_count":0,"_bbp_total_topic_count":0,"_bbp_total_reply_count":0,"_bbp_voice_count":0,"_bbp_anonymous_reply_count":0,"_bbp_topic_count_hidden":0,"_bbp_reply_count_hidden":0,"_bbp_forum_subforum_count":0,"footnotes":""},"categories":[139,1,4],"tags":[],"class_list":["post-3632","post","type-post","status-publish","format-standard","has-post-thumbnail","hentry","category-festes-curs-2018-19","category-general","category-portada"],"post_mailing_queue_ids":[],"_links":{"self":[{"href":"https:\/\/agora.xtec.cat\/ceip-ocata\/wp-json\/wp\/v2\/posts\/3632","targetHints":{"allow":["GET"]}}],"collection":[{"href":"https:\/\/agora.xtec.cat\/ceip-ocata\/wp-json\/wp\/v2\/posts"}],"about":[{"href":"https:\/\/agora.xtec.cat\/ceip-ocata\/wp-json\/wp\/v2\/types\/post"}],"author":[{"embeddable":true,"href":"https:\/\/agora.xtec.cat\/ceip-ocata\/wp-json\/wp\/v2\/users\/1"}],"replies":[{"embeddable":true,"href":"https:\/\/agora.xtec.cat\/ceip-ocata\/wp-json\/wp\/v2\/comments?post=3632"}],"version-history":[{"count":3,"href":"https:\/\/agora.xtec.cat\/ceip-ocata\/wp-json\/wp\/v2\/posts\/3632\/revisions"}],"predecessor-version":[{"id":3639,"href":"https:\/\/agora.xtec.cat\/ceip-ocata\/wp-json\/wp\/v2\/posts\/3632\/revisions\/3639"}],"wp:featuredmedia":[{"embeddable":true,"href":"https:\/\/agora.xtec.cat\/ceip-ocata\/wp-json\/wp\/v2\/media\/3635"}],"wp:attachment":[{"href":"https:\/\/agora.xtec.cat\/ceip-ocata\/wp-json\/wp\/v2\/media?parent=3632"}],"wp:term":[{"taxonomy":"category","embeddable":true,"href":"https:\/\/agora.xtec.cat\/ceip-ocata\/wp-json\/wp\/v2\/categories?post=3632"},{"taxonomy":"post_tag","embeddable":true,"href":"https:\/\/agora.xtec.cat\/ceip-ocata\/wp-json\/wp\/v2\/tags?post=3632"}],"curies":[{"name":"wp","href":"https:\/\/api.w.org\/{rel}","templated":true}]}}