{"id":3628,"date":"2019-04-12T16:41:29","date_gmt":"2019-04-12T14:41:29","guid":{"rendered":"http:\/\/agora.xtec.cat\/ceip-ocata\/?p=3628"},"modified":"2019-04-30T13:55:17","modified_gmt":"2019-04-30T11:55:17","slug":"els-patufets-i-patufetes-visitem-blanc-de-guix","status":"publish","type":"post","link":"https:\/\/agora.xtec.cat\/ceip-ocata\/general\/els-patufets-i-patufetes-visitem-blanc-de-guix\/","title":{"rendered":"ELS PATUFETS I PATUFETES VISITEM BLANC DE GUIX"},"content":{"rendered":"<p>Els Patufets i Patufetes hem anat a visitar l&#8217;espai d&#8217;art &#8220;Blanc de Guix&#8221; i ens han ofert la N\u00faria i el Xavi una proposta molt xula per fer nosaltres en aquest espai. La proposta era la de pintar una tela amb rodets al ritme de diverses\u00a0 m\u00fasiques que ens posaven . Tamb\u00e9 hav\u00edem de pensar el color que ens suggerien aquells ritmes i ens convidaven a reflexionar i explicar el per qu\u00e8. Ha estat una experi\u00e8ncia molt gratificant. Aqu\u00ed us deixo una petita mostra.<\/p>\n<p>Cliqueu la imatge.<\/p>\n<p>&nbsp;<\/p>\n<p><a href=\"https:\/\/photos.app.goo.gl\/iFa6yzcGXzDR6UBx9\"><img loading=\"lazy\" decoding=\"async\" class=\"wp-image-3629 aligncenter\" src=\"https:\/\/agora.xtec.cat\/ceip-ocata\/wp-content\/uploads\/usu386\/2019\/04\/IMG-20190402-WA0007-1024x768.jpg\" alt=\"\" width=\"751\" height=\"564\" srcset=\"https:\/\/agora.xtec.cat\/ceip-ocata\/wp-content\/uploads\/usu386\/2019\/04\/IMG-20190402-WA0007-1024x768.jpg 1024w, https:\/\/agora.xtec.cat\/ceip-ocata\/wp-content\/uploads\/usu386\/2019\/04\/IMG-20190402-WA0007-300x225.jpg 300w, https:\/\/agora.xtec.cat\/ceip-ocata\/wp-content\/uploads\/usu386\/2019\/04\/IMG-20190402-WA0007-768x576.jpg 768w, https:\/\/agora.xtec.cat\/ceip-ocata\/wp-content\/uploads\/usu386\/2019\/04\/IMG-20190402-WA0007-200x150.jpg 200w, https:\/\/agora.xtec.cat\/ceip-ocata\/wp-content\/uploads\/usu386\/2019\/04\/IMG-20190402-WA0007.jpg 1600w\" sizes=\"auto, (max-width: 751px) 100vw, 751px\" \/><\/a><\/p>\n<p>&nbsp;<\/p>\n","protected":false},"excerpt":{"rendered":"<p>ELS PATUFETS I LES PATUFETES VISITEM BLANC DE GUIX&hellip;  <a href=\"https:\/\/agora.xtec.cat\/ceip-ocata\/general\/els-patufets-i-patufetes-visitem-blanc-de-guix\/\" title=\"Read ELS PATUFETS I PATUFETES VISITEM BLANC DE GUIX\">Llegeix m\u00e9s\u00bb<\/a><\/p>\n","protected":false},"author":6,"featured_media":3629,"comment_status":"open","ping_status":"closed","sticky":false,"template":"","format":"standard","meta":{"_bbp_topic_count":0,"_bbp_reply_count":0,"_bbp_total_topic_count":0,"_bbp_total_reply_count":0,"_bbp_voice_count":0,"_bbp_anonymous_reply_count":0,"_bbp_topic_count_hidden":0,"_bbp_reply_count_hidden":0,"_bbp_forum_subforum_count":0,"footnotes":""},"categories":[1,2,3,4],"tags":[],"class_list":["post-3628","post","type-post","status-publish","format-standard","has-post-thumbnail","hentry","category-general","category-infantil","category-p3","category-portada"],"post_mailing_queue_ids":[],"_links":{"self":[{"href":"https:\/\/agora.xtec.cat\/ceip-ocata\/wp-json\/wp\/v2\/posts\/3628","targetHints":{"allow":["GET"]}}],"collection":[{"href":"https:\/\/agora.xtec.cat\/ceip-ocata\/wp-json\/wp\/v2\/posts"}],"about":[{"href":"https:\/\/agora.xtec.cat\/ceip-ocata\/wp-json\/wp\/v2\/types\/post"}],"author":[{"embeddable":true,"href":"https:\/\/agora.xtec.cat\/ceip-ocata\/wp-json\/wp\/v2\/users\/6"}],"replies":[{"embeddable":true,"href":"https:\/\/agora.xtec.cat\/ceip-ocata\/wp-json\/wp\/v2\/comments?post=3628"}],"version-history":[{"count":2,"href":"https:\/\/agora.xtec.cat\/ceip-ocata\/wp-json\/wp\/v2\/posts\/3628\/revisions"}],"predecessor-version":[{"id":3631,"href":"https:\/\/agora.xtec.cat\/ceip-ocata\/wp-json\/wp\/v2\/posts\/3628\/revisions\/3631"}],"wp:featuredmedia":[{"embeddable":true,"href":"https:\/\/agora.xtec.cat\/ceip-ocata\/wp-json\/wp\/v2\/media\/3629"}],"wp:attachment":[{"href":"https:\/\/agora.xtec.cat\/ceip-ocata\/wp-json\/wp\/v2\/media?parent=3628"}],"wp:term":[{"taxonomy":"category","embeddable":true,"href":"https:\/\/agora.xtec.cat\/ceip-ocata\/wp-json\/wp\/v2\/categories?post=3628"},{"taxonomy":"post_tag","embeddable":true,"href":"https:\/\/agora.xtec.cat\/ceip-ocata\/wp-json\/wp\/v2\/tags?post=3628"}],"curies":[{"name":"wp","href":"https:\/\/api.w.org\/{rel}","templated":true}]}}