{"id":3480,"date":"2019-02-28T12:15:19","date_gmt":"2019-02-28T11:15:19","guid":{"rendered":"http:\/\/agora.xtec.cat\/ceip-ocata\/?p=3480"},"modified":"2019-02-28T12:23:53","modified_gmt":"2019-02-28T11:23:53","slug":"propostes-familiars-la-transhumancia-de-vaques-toros-i-vedells","status":"publish","type":"post","link":"https:\/\/agora.xtec.cat\/ceip-ocata\/general\/propostes-familiars-la-transhumancia-de-vaques-toros-i-vedells\/","title":{"rendered":"PROPOSTES FAMILIARS P4: LA TRANSHUM\u00c0NCIA DE VAQUES, TOROS I VEDELLS."},"content":{"rendered":"<p>La Claudia, mama de la Greta, ens explica la transhum\u00e0ncia viscuda des de la seva experi\u00e8ncia personal. Ens ha mostrat v\u00eddeos i fotografies reals de quan va conviure amb les vaques, els toros i els vedells en la transhum\u00e0ncia d&#8217;un ramat. Tota una sorpresa veure com viuen en una situaci\u00f3 aix\u00ed, que mengen, com mengen, quina olor fan els camps, on dormen els pastors, que hi fan els gossos, etc.<\/p>\n<p>Moltes gr\u00e0cies per enriquir-nos amb aquestes propostes, als nens i nenes els encanta que vingueu, i sin\u00f3 us ho creieu&#8230; cliqueu la imatge per veure com abracen a la Claudia!<\/p>\n<figure class=\"figure wp-caption alignnone\"><a href=\"https:\/\/photos.app.goo.gl\/K1MLRiHVSpL3V2j86\"><img loading=\"lazy\" decoding=\"async\" class=\"size-full wp-image-3484\" src=\"https:\/\/agora.xtec.cat\/ceip-ocata\/wp-content\/uploads\/usu386\/2019\/02\/20190227_160353.jpg\" alt=\"\" width=\"1008\" height=\"567\" srcset=\"https:\/\/agora.xtec.cat\/ceip-ocata\/wp-content\/uploads\/usu386\/2019\/02\/20190227_160353.jpg 1008w, https:\/\/agora.xtec.cat\/ceip-ocata\/wp-content\/uploads\/usu386\/2019\/02\/20190227_160353-300x169.jpg 300w, https:\/\/agora.xtec.cat\/ceip-ocata\/wp-content\/uploads\/usu386\/2019\/02\/20190227_160353-768x432.jpg 768w\" sizes=\"auto, (max-width: 1008px) 100vw, 1008px\" \/><\/a><figcaption class=\"wp-caption-text\">Propostes familiars: la transhum\u00e0ncia de vaques, toros i vedells.<\/figcaption><\/figure>\n","protected":false},"excerpt":{"rendered":"<p>Propostes familiars: La transhum\u00e0ncia de les vaques, els toros i els vedells. &hellip;  <a href=\"https:\/\/agora.xtec.cat\/ceip-ocata\/general\/propostes-familiars-la-transhumancia-de-vaques-toros-i-vedells\/\" title=\"Read PROPOSTES FAMILIARS P4: LA TRANSHUM\u00c0NCIA DE VAQUES, TOROS I VEDELLS.\">Llegeix m\u00e9s\u00bb<\/a><\/p>\n","protected":false},"author":6,"featured_media":3484,"comment_status":"open","ping_status":"closed","sticky":false,"template":"","format":"standard","meta":{"_bbp_topic_count":0,"_bbp_reply_count":0,"_bbp_total_topic_count":0,"_bbp_total_reply_count":0,"_bbp_voice_count":0,"_bbp_anonymous_reply_count":0,"_bbp_topic_count_hidden":0,"_bbp_reply_count_hidden":0,"_bbp_forum_subforum_count":0,"footnotes":""},"categories":[1,2,8,4],"tags":[148,117,93,147,149],"class_list":["post-3480","post","type-post","status-publish","format-standard","has-post-thumbnail","hentry","category-general","category-infantil","category-p4","category-portada","tag-curs2018-2019","tag-educacioinfantil","tag-escolaocata","tag-p4","tag-propostesfamiliars"],"post_mailing_queue_ids":[],"_links":{"self":[{"href":"https:\/\/agora.xtec.cat\/ceip-ocata\/wp-json\/wp\/v2\/posts\/3480","targetHints":{"allow":["GET"]}}],"collection":[{"href":"https:\/\/agora.xtec.cat\/ceip-ocata\/wp-json\/wp\/v2\/posts"}],"about":[{"href":"https:\/\/agora.xtec.cat\/ceip-ocata\/wp-json\/wp\/v2\/types\/post"}],"author":[{"embeddable":true,"href":"https:\/\/agora.xtec.cat\/ceip-ocata\/wp-json\/wp\/v2\/users\/6"}],"replies":[{"embeddable":true,"href":"https:\/\/agora.xtec.cat\/ceip-ocata\/wp-json\/wp\/v2\/comments?post=3480"}],"version-history":[{"count":3,"href":"https:\/\/agora.xtec.cat\/ceip-ocata\/wp-json\/wp\/v2\/posts\/3480\/revisions"}],"predecessor-version":[{"id":3489,"href":"https:\/\/agora.xtec.cat\/ceip-ocata\/wp-json\/wp\/v2\/posts\/3480\/revisions\/3489"}],"wp:featuredmedia":[{"embeddable":true,"href":"https:\/\/agora.xtec.cat\/ceip-ocata\/wp-json\/wp\/v2\/media\/3484"}],"wp:attachment":[{"href":"https:\/\/agora.xtec.cat\/ceip-ocata\/wp-json\/wp\/v2\/media?parent=3480"}],"wp:term":[{"taxonomy":"category","embeddable":true,"href":"https:\/\/agora.xtec.cat\/ceip-ocata\/wp-json\/wp\/v2\/categories?post=3480"},{"taxonomy":"post_tag","embeddable":true,"href":"https:\/\/agora.xtec.cat\/ceip-ocata\/wp-json\/wp\/v2\/tags?post=3480"}],"curies":[{"name":"wp","href":"https:\/\/api.w.org\/{rel}","templated":true}]}}