{"id":3396,"date":"2018-12-29T20:26:19","date_gmt":"2018-12-29T19:26:19","guid":{"rendered":"http:\/\/agora.xtec.cat\/ceip-ocata\/?p=3396"},"modified":"2018-12-30T20:11:41","modified_gmt":"2018-12-30T19:11:41","slug":"p3p4-i-p5-fem-cagar-el-tio","status":"publish","type":"post","link":"https:\/\/agora.xtec.cat\/ceip-ocata\/infantil\/p3p4-i-p5-fem-cagar-el-tio\/","title":{"rendered":"P3,P4 I P5 FEM CAGAR EL TI\u00d3"},"content":{"rendered":"<p>Aquests \u00faltims dies de trimestre a l&#8217;escola hem viscut les festes nadalenques: calendari d&#8217;advent,ti\u00f3, hem fet la carta als reis demanant joguines per l&#8217;escola, xocolatada,postal de Nadal&#8230;El dia 1 de Desembre vam comen\u00e7ar amb el calendari d&#8217; advent. Cada dia ens tocava a cadasc\u00fan una xocolatina. Despr\u00e9s el<strong> ti\u00f3<\/strong> no es va fer esperar.Estava amagat i vam sortir al pati a trobar-lo.Ens va costar una mica per\u00f2 al final el vam trobar darrera del contenidor groc del pl\u00e0stic. Ens va fer molta il.lusi\u00f3 despr\u00e9s d&#8217;un any tornar-lo a veure. I el vam engreixar durant aquests dies amb moltes peles de fruita fins que el dia 21 ens va cagarrrr!!!!! . I per cel.lebrar-lo xocolatada. Mireu,mireu&#8230;<\/p>\n<p>Clicar la imatge<\/p>\n<p>&nbsp;<\/p>\n<p>&nbsp;<\/p>\n<p><a href=\"https:\/\/photos.app.goo.gl\/fetPeBe9eJSisXmB6\"><img loading=\"lazy\" decoding=\"async\" class=\"aligncenter wp-image-3397\" src=\"https:\/\/agora.xtec.cat\/ceip-ocata\/wp-content\/uploads\/usu386\/2018\/12\/IMG-20181222-WA0019-1024x576.jpg\" alt=\"\" width=\"551\" height=\"310\" srcset=\"https:\/\/agora.xtec.cat\/ceip-ocata\/wp-content\/uploads\/usu386\/2018\/12\/IMG-20181222-WA0019-1024x576.jpg 1024w, https:\/\/agora.xtec.cat\/ceip-ocata\/wp-content\/uploads\/usu386\/2018\/12\/IMG-20181222-WA0019-300x169.jpg 300w, https:\/\/agora.xtec.cat\/ceip-ocata\/wp-content\/uploads\/usu386\/2018\/12\/IMG-20181222-WA0019-768x432.jpg 768w, https:\/\/agora.xtec.cat\/ceip-ocata\/wp-content\/uploads\/usu386\/2018\/12\/IMG-20181222-WA0019.jpg 1600w\" sizes=\"auto, (max-width: 551px) 100vw, 551px\" \/><\/a><\/p>\n<p>&nbsp;<\/p>\n<p>&nbsp;<\/p>\n","protected":false},"excerpt":{"rendered":"<p>P3,P4 I P5 fem cagar el ti\u00f3&hellip;  <a href=\"https:\/\/agora.xtec.cat\/ceip-ocata\/infantil\/p3p4-i-p5-fem-cagar-el-tio\/\" title=\"Read P3,P4 I P5 FEM CAGAR EL TI\u00d3\">Llegeix m\u00e9s\u00bb<\/a><\/p>\n","protected":false},"author":6,"featured_media":3397,"comment_status":"open","ping_status":"closed","sticky":false,"template":"","format":"standard","meta":{"_bbp_topic_count":0,"_bbp_reply_count":0,"_bbp_total_topic_count":0,"_bbp_total_reply_count":0,"_bbp_voice_count":0,"_bbp_anonymous_reply_count":0,"_bbp_topic_count_hidden":0,"_bbp_reply_count_hidden":0,"_bbp_forum_subforum_count":0,"footnotes":""},"categories":[2,3,8,9,4],"tags":[],"class_list":["post-3396","post","type-post","status-publish","format-standard","has-post-thumbnail","hentry","category-infantil","category-p3","category-p4","category-p5","category-portada"],"post_mailing_queue_ids":[],"_links":{"self":[{"href":"https:\/\/agora.xtec.cat\/ceip-ocata\/wp-json\/wp\/v2\/posts\/3396","targetHints":{"allow":["GET"]}}],"collection":[{"href":"https:\/\/agora.xtec.cat\/ceip-ocata\/wp-json\/wp\/v2\/posts"}],"about":[{"href":"https:\/\/agora.xtec.cat\/ceip-ocata\/wp-json\/wp\/v2\/types\/post"}],"author":[{"embeddable":true,"href":"https:\/\/agora.xtec.cat\/ceip-ocata\/wp-json\/wp\/v2\/users\/6"}],"replies":[{"embeddable":true,"href":"https:\/\/agora.xtec.cat\/ceip-ocata\/wp-json\/wp\/v2\/comments?post=3396"}],"version-history":[{"count":4,"href":"https:\/\/agora.xtec.cat\/ceip-ocata\/wp-json\/wp\/v2\/posts\/3396\/revisions"}],"predecessor-version":[{"id":3405,"href":"https:\/\/agora.xtec.cat\/ceip-ocata\/wp-json\/wp\/v2\/posts\/3396\/revisions\/3405"}],"wp:featuredmedia":[{"embeddable":true,"href":"https:\/\/agora.xtec.cat\/ceip-ocata\/wp-json\/wp\/v2\/media\/3397"}],"wp:attachment":[{"href":"https:\/\/agora.xtec.cat\/ceip-ocata\/wp-json\/wp\/v2\/media?parent=3396"}],"wp:term":[{"taxonomy":"category","embeddable":true,"href":"https:\/\/agora.xtec.cat\/ceip-ocata\/wp-json\/wp\/v2\/categories?post=3396"},{"taxonomy":"post_tag","embeddable":true,"href":"https:\/\/agora.xtec.cat\/ceip-ocata\/wp-json\/wp\/v2\/tags?post=3396"}],"curies":[{"name":"wp","href":"https:\/\/api.w.org\/{rel}","templated":true}]}}