{"id":3185,"date":"2018-12-06T17:32:15","date_gmt":"2018-12-06T16:32:15","guid":{"rendered":"http:\/\/agora.xtec.cat\/ceip-ocata\/?p=3185"},"modified":"2018-12-06T17:33:29","modified_gmt":"2018-12-06T16:33:29","slug":"celebrem-santa-cecilia-a-lescola","status":"publish","type":"post","link":"https:\/\/agora.xtec.cat\/ceip-ocata\/general\/celebrem-santa-cecilia-a-lescola\/","title":{"rendered":"Celebrem Santa Cec\u00edlia a l&#8217;escola"},"content":{"rendered":"<p>El dijous 22 de novembre va ser la patrona dels m\u00fasic i nosaltres ho van voler celebrar amb les seg\u00fcents activitats:<\/p>\n<ul>\n<li>Durant el mat\u00ed, la fam\u00edlia Pujal Tarodo van interpretar una adaptaci\u00f3 de la Flauta M\u00e0gica de Mozart per als m\u00e9s petits de l&#8217;escola.<\/li>\n<li>A prim\u00e0ria, van tenir l&#8217;oportunitat de con\u00e8ixer la violoncelista Anna Comellas; gran int\u00e8rpret i persona la qual t\u00e9 un gran bagatge musical.<br \/>\nL&#8217;Anna ens va explicar moltes coses d&#8217;aquest instrument de corda fregada: de les seves possibilitats, de les seves parts, de la construcci\u00f3&#8230;<br \/>\nEns va interpretar algunes melodies conegudes i tamb\u00e9, ens va explicar an\u00e8cdotes de la seva vida i sobretot de la seva infantesa.<\/li>\n<li>Per la tarda van fer una petita audici\u00f3 amb els nostres petits m\u00fasics.<br \/>\nAlguns voluntaris, alumnes d&#8217;escoles de m\u00fasica, ens van interpretar una pe\u00e7a que estudien.<br \/>\nVan poder sentir guitarres, saxo, piano i flauta dol\u00e7a&#8230; interpretada per companys.<br \/>\nLa proposta va ser de sis\u00e8, ja que s\u00f3n els m\u00e9s grans de l&#8217;escola i el seu \u00faltim any, tot i que al final dos voluntaris m\u00e9s s&#8217;han afegit.<\/li>\n<\/ul>\n<p>Va ser un bon dia, van gaudir un cop m\u00e9s de sentir m\u00fasica en directe i de participar en petits concerts.<\/p>\n<p>Ha estat fant\u00e0stic!<\/p>\n<p>Clica a la foto i veur\u00e0s m\u00e9s imatges.<\/p>\n<p><a href=\"https:\/\/photos.app.goo.gl\/Pjd52F5B8nF25oAD9\" target=\"_blank\" rel=\"noopener\">:<img loading=\"lazy\" decoding=\"async\" class=\"alignnone size-medium wp-image-3188\" src=\"https:\/\/agora.xtec.cat\/ceip-ocata\/wp-content\/uploads\/usu386\/2018\/11\/IMG-20181122-WA0004-300x225.jpg\" alt=\"\" width=\"300\" height=\"225\" srcset=\"https:\/\/agora.xtec.cat\/ceip-ocata\/wp-content\/uploads\/usu386\/2018\/11\/IMG-20181122-WA0004-300x225.jpg 300w, https:\/\/agora.xtec.cat\/ceip-ocata\/wp-content\/uploads\/usu386\/2018\/11\/IMG-20181122-WA0004-768x576.jpg 768w, https:\/\/agora.xtec.cat\/ceip-ocata\/wp-content\/uploads\/usu386\/2018\/11\/IMG-20181122-WA0004-1024x768.jpg 1024w, https:\/\/agora.xtec.cat\/ceip-ocata\/wp-content\/uploads\/usu386\/2018\/11\/IMG-20181122-WA0004-200x150.jpg 200w, https:\/\/agora.xtec.cat\/ceip-ocata\/wp-content\/uploads\/usu386\/2018\/11\/IMG-20181122-WA0004.jpg 1600w\" sizes=\"auto, (max-width: 300px) 100vw, 300px\" \/><\/a><\/p>\n","protected":false},"excerpt":{"rendered":"<p>Santa Cec\u00edlia 2018&hellip;  <a href=\"https:\/\/agora.xtec.cat\/ceip-ocata\/general\/celebrem-santa-cecilia-a-lescola\/\" title=\"Read Celebrem Santa Cec\u00edlia a l&#8217;escola\">Llegeix m\u00e9s\u00bb<\/a><\/p>\n","protected":false},"author":1,"featured_media":3187,"comment_status":"open","ping_status":"closed","sticky":false,"template":"","format":"standard","meta":{"_bbp_topic_count":0,"_bbp_reply_count":0,"_bbp_total_topic_count":0,"_bbp_total_reply_count":0,"_bbp_voice_count":0,"_bbp_anonymous_reply_count":0,"_bbp_topic_count_hidden":0,"_bbp_reply_count_hidden":0,"_bbp_forum_subforum_count":0,"footnotes":""},"categories":[139,1,4],"tags":[152,83],"class_list":["post-3185","post","type-post","status-publish","format-standard","has-post-thumbnail","hentry","category-festes-curs-2018-19","category-general","category-portada","tag-curs-2018-2019","tag-musica"],"post_mailing_queue_ids":[],"_links":{"self":[{"href":"https:\/\/agora.xtec.cat\/ceip-ocata\/wp-json\/wp\/v2\/posts\/3185","targetHints":{"allow":["GET"]}}],"collection":[{"href":"https:\/\/agora.xtec.cat\/ceip-ocata\/wp-json\/wp\/v2\/posts"}],"about":[{"href":"https:\/\/agora.xtec.cat\/ceip-ocata\/wp-json\/wp\/v2\/types\/post"}],"author":[{"embeddable":true,"href":"https:\/\/agora.xtec.cat\/ceip-ocata\/wp-json\/wp\/v2\/users\/1"}],"replies":[{"embeddable":true,"href":"https:\/\/agora.xtec.cat\/ceip-ocata\/wp-json\/wp\/v2\/comments?post=3185"}],"version-history":[{"count":3,"href":"https:\/\/agora.xtec.cat\/ceip-ocata\/wp-json\/wp\/v2\/posts\/3185\/revisions"}],"predecessor-version":[{"id":3235,"href":"https:\/\/agora.xtec.cat\/ceip-ocata\/wp-json\/wp\/v2\/posts\/3185\/revisions\/3235"}],"wp:featuredmedia":[{"embeddable":true,"href":"https:\/\/agora.xtec.cat\/ceip-ocata\/wp-json\/wp\/v2\/media\/3187"}],"wp:attachment":[{"href":"https:\/\/agora.xtec.cat\/ceip-ocata\/wp-json\/wp\/v2\/media?parent=3185"}],"wp:term":[{"taxonomy":"category","embeddable":true,"href":"https:\/\/agora.xtec.cat\/ceip-ocata\/wp-json\/wp\/v2\/categories?post=3185"},{"taxonomy":"post_tag","embeddable":true,"href":"https:\/\/agora.xtec.cat\/ceip-ocata\/wp-json\/wp\/v2\/tags?post=3185"}],"curies":[{"name":"wp","href":"https:\/\/api.w.org\/{rel}","templated":true}]}}