{"id":3148,"date":"2018-11-08T13:24:29","date_gmt":"2018-11-08T12:24:29","guid":{"rendered":"http:\/\/agora.xtec.cat\/ceip-ocata\/?p=3148"},"modified":"2018-11-08T13:25:25","modified_gmt":"2018-11-08T12:25:25","slug":"la-classe-de-les-vaques-i-els-toros-p4-us-donem-la-benvinguda-al-bloc","status":"publish","type":"post","link":"https:\/\/agora.xtec.cat\/ceip-ocata\/general\/la-classe-de-les-vaques-i-els-toros-p4-us-donem-la-benvinguda-al-bloc\/","title":{"rendered":"LA CLASSE DE LES VAQUES I ELS TOROS (P4) US DONEM LA BENVINGUDA AL BLOC!"},"content":{"rendered":"<p>HOLA FAM\u00cdLIES! S\u00d3M LA <strong>CLASSE DE LES VAQUES I ELS TOROS<\/strong> DE <strong>P4<\/strong>! US DONEM LA <strong>BENVINGUDA<\/strong> AL BLOC FENT UN RECORDATORI D&#8217;UNA ACTIVITAT GENIAL QUE VAM FER A FINALS DEL CURS PASSAT AMB LA COL\u00b7LABORACI\u00d3 DEL PARE I LA MARE DE LA VALENTINA. LIGHT PAINTING, UNA T\u00c8CNICA DE PINTAR AMB LA LLUM. MOLTES GR\u00c0CIES FAM\u00cdLIA!<\/p>\n<p>APROFITEM, A M\u00c9S, PER RECORDAR QUE SI VOLEU PODEU FER UNA <strong>PROPOSTA<\/strong>, ACTIVITAT O TALLER I PASSAR UNA ESTONA AMB ELS VOSTRES FILLS\/ES O NENS\/ES DE L&#8217;ESCOLA!<\/p>\n<p>GR\u00c0CIES PER COL\u00b7LABORAR AMB NOSALTRES! PER UNA ESCOLA DE TOTS\/ES!<\/p>\n<figure id=\"attachment_3149\" aria-describedby=\"caption-attachment-3149\" style=\"width: 657px\" class=\"wp-caption alignnone\"><a href=\"https:\/\/photos.app.goo.gl\/CXu62xgsmCHq9U4n9\"><img loading=\"lazy\" decoding=\"async\" class=\"size-full wp-image-3149\" src=\"https:\/\/agora.xtec.cat\/ceip-ocata\/wp-content\/uploads\/usu386\/2018\/11\/Foto-light.png\" alt=\"\" width=\"657\" height=\"372\" srcset=\"https:\/\/agora.xtec.cat\/ceip-ocata\/wp-content\/uploads\/usu386\/2018\/11\/Foto-light.png 657w, https:\/\/agora.xtec.cat\/ceip-ocata\/wp-content\/uploads\/usu386\/2018\/11\/Foto-light-300x170.png 300w\" sizes=\"auto, (max-width: 657px) 100vw, 657px\" \/><\/a><figcaption id=\"caption-attachment-3149\" class=\"wp-caption-text\">El curs passat vam fer un taller de Light Painting. Quina fam\u00edlia s&#8217;apunta aquest curs a fer una proposta a l&#8217;escola? Per veure les fotografies, cliqueu la imatge!<\/figcaption><\/figure>\n","protected":false},"excerpt":{"rendered":"<p>Benvinguts al Bloc! I si recordem que vam fer el curs passat a P3?. Taller de Light Painting!<\/p>\n","protected":false},"author":6,"featured_media":3149,"comment_status":"open","ping_status":"closed","sticky":false,"template":"","format":"standard","meta":{"_bbp_topic_count":0,"_bbp_reply_count":0,"_bbp_total_topic_count":0,"_bbp_total_reply_count":0,"_bbp_voice_count":0,"_bbp_anonymous_reply_count":0,"_bbp_topic_count_hidden":0,"_bbp_reply_count_hidden":0,"_bbp_forum_subforum_count":0,"site-sidebar-layout":"default","site-content-layout":"","ast-site-content-layout":"","site-content-style":"default","site-sidebar-style":"default","ast-global-header-display":"","ast-banner-title-visibility":"","ast-main-header-display":"","ast-hfb-above-header-display":"","ast-hfb-below-header-display":"","ast-hfb-mobile-header-display":"","site-post-title":"","ast-breadcrumbs-content":"","ast-featured-img":"","footer-sml-layout":"","theme-transparent-header-meta":"","adv-header-id-meta":"","stick-header-meta":"","header-above-stick-meta":"","header-main-stick-meta":"","header-below-stick-meta":"","astra-migrate-meta-layouts":"default","ast-page-background-enabled":"default","ast-page-background-meta":{"desktop":{"background-color":"var(--ast-global-color-4)","background-image":"","background-repeat":"repeat","background-position":"center center","background-size":"auto","background-attachment":"scroll","background-type":"","background-media":"","overlay-type":"","overlay-color":"","overlay-opacity":"","overlay-gradient":""},"tablet":{"background-color":"","background-image":"","background-repeat":"repeat","background-position":"center center","background-size":"auto","background-attachment":"scroll","background-type":"","background-media":"","overlay-type":"","overlay-color":"","overlay-opacity":"","overlay-gradient":""},"mobile":{"background-color":"","background-image":"","background-repeat":"repeat","background-position":"center center","background-size":"auto","background-attachment":"scroll","background-type":"","background-media":"","overlay-type":"","overlay-color":"","overlay-opacity":"","overlay-gradient":""}},"ast-content-background-meta":{"desktop":{"background-color":"var(--ast-global-color-5)","background-image":"","background-repeat":"repeat","background-position":"center center","background-size":"auto","background-attachment":"scroll","background-type":"","background-media":"","overlay-type":"","overlay-color":"","overlay-opacity":"","overlay-gradient":""},"tablet":{"background-color":"var(--ast-global-color-5)","background-image":"","background-repeat":"repeat","background-position":"center center","background-size":"auto","background-attachment":"scroll","background-type":"","background-media":"","overlay-type":"","overlay-color":"","overlay-opacity":"","overlay-gradient":""},"mobile":{"background-color":"var(--ast-global-color-5)","background-image":"","background-repeat":"repeat","background-position":"center center","background-size":"auto","background-attachment":"scroll","background-type":"","background-media":"","overlay-type":"","overlay-color":"","overlay-opacity":"","overlay-gradient":""}},"footnotes":""},"categories":[1,2,8,4],"tags":[148,117,146,147,149],"class_list":["post-3148","post","type-post","status-publish","format-standard","has-post-thumbnail","hentry","category-general","category-infantil","category-p4","category-portada","tag-curs2018-2019","tag-educacioinfantil","tag-escola-ocata","tag-p4","tag-propostesfamiliars"],"post_mailing_queue_ids":[],"_links":{"self":[{"href":"https:\/\/agora.xtec.cat\/ceip-ocata\/wp-json\/wp\/v2\/posts\/3148","targetHints":{"allow":["GET"]}}],"collection":[{"href":"https:\/\/agora.xtec.cat\/ceip-ocata\/wp-json\/wp\/v2\/posts"}],"about":[{"href":"https:\/\/agora.xtec.cat\/ceip-ocata\/wp-json\/wp\/v2\/types\/post"}],"author":[{"embeddable":true,"href":"https:\/\/agora.xtec.cat\/ceip-ocata\/wp-json\/wp\/v2\/users\/6"}],"replies":[{"embeddable":true,"href":"https:\/\/agora.xtec.cat\/ceip-ocata\/wp-json\/wp\/v2\/comments?post=3148"}],"version-history":[{"count":3,"href":"https:\/\/agora.xtec.cat\/ceip-ocata\/wp-json\/wp\/v2\/posts\/3148\/revisions"}],"predecessor-version":[{"id":3153,"href":"https:\/\/agora.xtec.cat\/ceip-ocata\/wp-json\/wp\/v2\/posts\/3148\/revisions\/3153"}],"wp:featuredmedia":[{"embeddable":true,"href":"https:\/\/agora.xtec.cat\/ceip-ocata\/wp-json\/wp\/v2\/media\/3149"}],"wp:attachment":[{"href":"https:\/\/agora.xtec.cat\/ceip-ocata\/wp-json\/wp\/v2\/media?parent=3148"}],"wp:term":[{"taxonomy":"category","embeddable":true,"href":"https:\/\/agora.xtec.cat\/ceip-ocata\/wp-json\/wp\/v2\/categories?post=3148"},{"taxonomy":"post_tag","embeddable":true,"href":"https:\/\/agora.xtec.cat\/ceip-ocata\/wp-json\/wp\/v2\/tags?post=3148"}],"curies":[{"name":"wp","href":"https:\/\/api.w.org\/{rel}","templated":true}]}}