{"id":3144,"date":"2018-11-07T23:17:59","date_gmt":"2018-11-07T22:17:59","guid":{"rendered":"http:\/\/agora.xtec.cat\/ceip-ocata\/?p=3144"},"modified":"2018-11-07T23:17:59","modified_gmt":"2018-11-07T22:17:59","slug":"moli-paperer-i-parc-prehistoric-de-capellades","status":"publish","type":"post","link":"https:\/\/agora.xtec.cat\/ceip-ocata\/portada\/moli-paperer-i-parc-prehistoric-de-capellades\/","title":{"rendered":"Mol\u00ed paperer i parc prehist\u00f2ric de Capellades"},"content":{"rendered":"<p>Avui hem pogut gaudir de dues sortides en una! Primer, hem anat al parc prehist\u00f2ric on ens han explicat moltes coses sobre l&#8217;home neardental i hem pogut veure una excavaci\u00f3 on s&#8217;han trobat diferents campaments de diferents \u00e8poques. Aquesta visita ens ha anat molt b\u00e9 ja que acabem de comen\u00e7ar un nou tema a medi, la prehist\u00f2ria. Aix\u00ed que ha sigut un bon punt de partida!<\/p>\n<p>A continuaci\u00f3 hem anat al mol\u00ed paperer, un edifici del segle XVIII. Hem apr\u00e8s com es feia el paper en aquells temps i hem pogut fer tres tipus de papers ( els hem pogut portar a l&#8217;escola, i nom\u00e9s arribar els hem posat damunt les taules perqu\u00e8 s&#8217;assequessin).<\/p>\n<p>En definitiva, ha sigut un d\u00eda molt profit\u00f3s i ben gaudit!<\/p>\n<p><a href=\"https:\/\/photos.app.goo.gl\/6CyYnFe5ppCTNpTu6\" target=\"_blank\" rel=\"noopener\"><img loading=\"lazy\" decoding=\"async\" class=\"alignnone wp-image-3145 size-medium\" src=\"https:\/\/agora.xtec.cat\/ceip-ocata\/wp-content\/uploads\/usu386\/2018\/11\/IMG_4774-225x300.jpg\" alt=\"\" width=\"225\" height=\"300\" srcset=\"https:\/\/agora.xtec.cat\/ceip-ocata\/wp-content\/uploads\/usu386\/2018\/11\/IMG_4774-225x300.jpg 225w, https:\/\/agora.xtec.cat\/ceip-ocata\/wp-content\/uploads\/usu386\/2018\/11\/IMG_4774.jpg 510w\" sizes=\"auto, (max-width: 225px) 100vw, 225px\" \/><\/a><\/p>\n","protected":false},"excerpt":{"rendered":"<p>Mol\u00ed paperer i parc prehist\u00f2ric de Capellades&hellip;  <a href=\"https:\/\/agora.xtec.cat\/ceip-ocata\/portada\/moli-paperer-i-parc-prehistoric-de-capellades\/\" title=\"Read Mol\u00ed paperer i parc prehist\u00f2ric de Capellades\">Llegeix m\u00e9s\u00bb<\/a><\/p>\n","protected":false},"author":3,"featured_media":3145,"comment_status":"open","ping_status":"closed","sticky":false,"template":"","format":"standard","meta":{"_bbp_topic_count":0,"_bbp_reply_count":0,"_bbp_total_topic_count":0,"_bbp_total_reply_count":0,"_bbp_voice_count":0,"_bbp_anonymous_reply_count":0,"_bbp_topic_count_hidden":0,"_bbp_reply_count_hidden":0,"_bbp_forum_subforum_count":0,"footnotes":""},"categories":[14,4,5],"tags":[],"class_list":["post-3144","post","type-post","status-publish","format-standard","has-post-thumbnail","hentry","category-5e","category-portada","category-primaria"],"post_mailing_queue_ids":[],"_links":{"self":[{"href":"https:\/\/agora.xtec.cat\/ceip-ocata\/wp-json\/wp\/v2\/posts\/3144","targetHints":{"allow":["GET"]}}],"collection":[{"href":"https:\/\/agora.xtec.cat\/ceip-ocata\/wp-json\/wp\/v2\/posts"}],"about":[{"href":"https:\/\/agora.xtec.cat\/ceip-ocata\/wp-json\/wp\/v2\/types\/post"}],"author":[{"embeddable":true,"href":"https:\/\/agora.xtec.cat\/ceip-ocata\/wp-json\/wp\/v2\/users\/3"}],"replies":[{"embeddable":true,"href":"https:\/\/agora.xtec.cat\/ceip-ocata\/wp-json\/wp\/v2\/comments?post=3144"}],"version-history":[{"count":2,"href":"https:\/\/agora.xtec.cat\/ceip-ocata\/wp-json\/wp\/v2\/posts\/3144\/revisions"}],"predecessor-version":[{"id":3147,"href":"https:\/\/agora.xtec.cat\/ceip-ocata\/wp-json\/wp\/v2\/posts\/3144\/revisions\/3147"}],"wp:featuredmedia":[{"embeddable":true,"href":"https:\/\/agora.xtec.cat\/ceip-ocata\/wp-json\/wp\/v2\/media\/3145"}],"wp:attachment":[{"href":"https:\/\/agora.xtec.cat\/ceip-ocata\/wp-json\/wp\/v2\/media?parent=3144"}],"wp:term":[{"taxonomy":"category","embeddable":true,"href":"https:\/\/agora.xtec.cat\/ceip-ocata\/wp-json\/wp\/v2\/categories?post=3144"},{"taxonomy":"post_tag","embeddable":true,"href":"https:\/\/agora.xtec.cat\/ceip-ocata\/wp-json\/wp\/v2\/tags?post=3144"}],"curies":[{"name":"wp","href":"https:\/\/api.w.org\/{rel}","templated":true}]}}