{"id":66,"count":8,"description":"<b>[slideshow_deploy id='5765']<\/b>\r\n\r\n<b>Escola verda<\/b>\r\n\r\n<span style=\"font-weight: 400;\">El programa escoles verdes sorgeix com un comprom\u00eds per donar suport a tots els centres que volen innovar, incloure, avan\u00e7ar, sistematitzar i organitzar accions educatives que tinguin la finalitat d'afrontar, des de l'educaci\u00f3, els nous reptes i valors de la sostenibilitat.<\/span>\r\n\r\n<span style=\"font-weight: 400;\">Es plantegen quatre grans objectius:<\/span>\r\n\r\n<span style=\"font-weight: 400;\">-\u00a0<\/span><b>Millorar la sostenibilitat del centre<\/b><span style=\"font-weight: 400;\">, a partir d\u2019optimitzar i fer m\u00e9s responsable el consum de recursos (aigua, energia, etc.) i la producci\u00f3 de residus i emissions que es generen en el dia a dia a l\u2019escola. Escola Verda \u00e9s un programa de sostenibilitat del centre docent. A m\u00e9s dels alumnes, que s\u00f3n els principals destinataris, aquest afecta a tota la comunitat.<\/span>\r\n\r\n<span style=\"font-weight: 400;\">- Enriquir quantitativament i qualitativament el\u00a0<\/span><b>curr\u00edculum acad\u00e8mic<\/b><span style=\"font-weight: 400;\">\u00a0i l\u2019increment de la seva <\/span><b>interdisciplinarietat.<\/b>\r\n\r\n<span style=\"font-weight: 400;\">- Millorar els\u00a0<\/span><b>coneixements<\/b><span style=\"font-weight: 400;\">\u00a0de tota la comunitat educativa, especialment l\u2019alumnat, en aspectes relacionats amb el medi ambient i el desenvolupament sostenible.<\/span>\r\n\r\n<span style=\"font-weight: 400;\">- Refor\u00e7ar positivament els\u00a0<\/span><b>valors i les actituds<\/b><span style=\"font-weight: 400;\">\u00a0de respecte i cura envers el medi ambient, aix\u00ed com els vincles de\u00a0<\/span><b>participaci\u00f3<\/b><span style=\"font-weight: 400;\">\u00a0i cohesi\u00f3 social a la comunitat educativa, un exemple \u00e9s la reutilitzaci\u00f3 de llibres.<\/span>\r\n\r\n<strong>Feu una ullada al nostre <a href=\"https:\/\/www.instagram.com\/escolaocataverda\/\">Instagram!<\/a><\/strong>\r\n\r\n&nbsp;","link":"https:\/\/agora.xtec.cat\/ceip-ocata\/categoria\/sostenibilitat-coneixement-valors-i-actituds\/","name":"Escola Verda","slug":"sostenibilitat-coneixement-valors-i-actituds","taxonomy":"category","parent":0,"meta":[],"_links":{"self":[{"href":"https:\/\/agora.xtec.cat\/ceip-ocata\/wp-json\/wp\/v2\/categories\/66","targetHints":{"allow":["GET"]}}],"collection":[{"href":"https:\/\/agora.xtec.cat\/ceip-ocata\/wp-json\/wp\/v2\/categories"}],"about":[{"href":"https:\/\/agora.xtec.cat\/ceip-ocata\/wp-json\/wp\/v2\/taxonomies\/category"}],"wp:post_type":[{"href":"https:\/\/agora.xtec.cat\/ceip-ocata\/wp-json\/wp\/v2\/posts?categories=66"}],"curies":[{"name":"wp","href":"https:\/\/api.w.org\/{rel}","templated":true}]}}