{"id":8381,"date":"2026-04-28T20:33:35","date_gmt":"2026-04-28T18:33:35","guid":{"rendered":"https:\/\/agora.xtec.cat\/ceip-montserrat\/?p=8381"},"modified":"2026-04-28T20:33:55","modified_gmt":"2026-04-28T18:33:55","slug":"%f0%9f%a7%b3lalumnat-de-4t-marxa-de-colonies","status":"publish","type":"post","link":"https:\/\/agora.xtec.cat\/ceip-montserrat\/general\/%f0%9f%a7%b3lalumnat-de-4t-marxa-de-colonies\/","title":{"rendered":"\ud83e\uddf3L&#8217;alumnat de 4t marxa de col\u00f2nies!"},"content":{"rendered":"<p style=\"text-align: center;\" data-start=\"119\" data-end=\"283\">Avui els infants de <strong data-start=\"139\" data-end=\"157\">4t de prim\u00e0ria<\/strong> han marxat amb molta il\u00b7lusi\u00f3 cap a <strong data-start=\"194\" data-end=\"235\"><span class=\"hover:entity-accent entity-underline inline cursor-pointer align-baseline\"><span class=\"whitespace-normal\">Torroella de Montgr\u00ed<\/span><\/span><\/strong> per gaudir de les seves esperades col\u00f2nies.<\/p>\n<p style=\"text-align: center;\" data-start=\"285\" data-end=\"493\">S&#8217;ho estan passant d&#8217;all\u00f2 m\u00e9s b\u00e9!<\/p>\n<p style=\"text-align: center;\" data-start=\"285\" data-end=\"493\">\r\n\t<div class=\"slideshow_container slideshow_container_style-light\" style=\"height: 300px; \" data-slideshow-id=\"8383\" data-style-name=\"style-light\" data-style-version=\"2.3.1\" >\r\n\r\n\t\t\t\t\t<div class=\"slideshow_loading_icon\"><\/div>\r\n\t\t\r\n\t\t<div class=\"slideshow_content\" style=\"display: none;\">\r\n\r\n\t\t\t<div class=\"slideshow_view\">\r\n\t\t\t\t<div class=\"slideshow_slide slideshow_slide_image\">\r\n\t\t\t\t\t\t\t\t\t\t\t<img src=\"https:\/\/agora.xtec.cat\/ceip-montserrat\/wp-content\/uploads\/usu1311\/2026\/04\/Colonies-4t-1r-dia-2.jpg\" alt=\"Col\u00f2nies 4t 1r dia (2)\" width=\"2048\" height=\"1536\" \/>\r\n\t\t\t\t\t\t\t\t\t\t<div class=\"slideshow_description_box slideshow_transparent\">\r\n\t\t\t\t\t\t<div class=\"slideshow_title\">Col\u00f2nies 4t 1r dia (2)<\/div>\t\t\t\t\t\t\t\t\t\t\t<\/div>\r\n\t\t\t\t<\/div>\r\n\r\n\t\t\t\t\t\t<div style=\"clear: both;\"><\/div><\/div><div class=\"slideshow_view\">\r\n\t\t\t\t<div class=\"slideshow_slide slideshow_slide_image\">\r\n\t\t\t\t\t\t\t\t\t\t\t<img src=\"https:\/\/agora.xtec.cat\/ceip-montserrat\/wp-content\/uploads\/usu1311\/2026\/04\/Colonies-4t-1r-dia-1.jpg\" alt=\"Col\u00f2nies 4t 1r dia (1)\" width=\"1598\" height=\"898\" \/>\r\n\t\t\t\t\t\t\t\t\t\t<div class=\"slideshow_description_box slideshow_transparent\">\r\n\t\t\t\t\t\t<div class=\"slideshow_title\">Col\u00f2nies 4t 1r dia (1)<\/div>\t\t\t\t\t\t\t\t\t\t\t<\/div>\r\n\t\t\t\t<\/div>\r\n\r\n\t\t\t\t\t\t<div style=\"clear: both;\"><\/div><\/div>\r\n\t\t<\/div>\r\n\r\n\t\t<div class=\"slideshow_controlPanel slideshow_transparent\" style=\"display: none;\"><ul><li class=\"slideshow_togglePlay\" data-play-text=\"Visualitza\" data-pause-text=\"Pausa\"><\/li><\/ul><\/div>\r\n\r\n\t\t<div class=\"slideshow_button slideshow_previous slideshow_transparent\" role=\"button\" data-previous-text=\"Anterior\" style=\"display: none;\"><\/div>\r\n\t\t<div class=\"slideshow_button slideshow_next slideshow_transparent\" role=\"button\" data-next-text=\"Seg\u00fcent\" style=\"display: none;\"><\/div>\r\n\r\n\t\t<div class=\"slideshow_pagination\" style=\"display: none;\" data-go-to-text=\"V\u00e9s a la diapositiva\"><div class=\"slideshow_pagination_center\"><\/div><\/div>\r\n\r\n\t\t<!-- WordPress Slideshow Version 2.3.1 -->\r\n\r\n\t\t\t<\/div>\r\n\r\n<\/p>\n<p data-start=\"495\" data-end=\"636\">\n","protected":false},"excerpt":{"rendered":"<p>Avui els infants de 4t de prim\u00e0ria han marxat amb molta il\u00b7lusi\u00f3 cap a Torroella de Montgr\u00ed per gaudir de les seves esperades col\u00f2nies.<\/p>\n<p>S&#8217;ho estan passant d&#8217;all\u00f2 m\u00e9s b\u00e9!&hellip;  <a href=\"https:\/\/agora.xtec.cat\/ceip-montserrat\/general\/%f0%9f%a7%b3lalumnat-de-4t-marxa-de-colonies\/\" title=\"Read \ud83e\uddf3L&#8217;alumnat de 4t marxa de col\u00f2nies!\">Llegeix m\u00e9s\u00bb<\/a><\/p>\n","protected":false},"author":1,"featured_media":8385,"comment_status":"open","ping_status":"closed","sticky":false,"template":"","format":"standard","meta":{"_bbp_topic_count":0,"_bbp_reply_count":0,"_bbp_total_topic_count":0,"_bbp_total_reply_count":0,"_bbp_voice_count":0,"_bbp_anonymous_reply_count":0,"_bbp_topic_count_hidden":0,"_bbp_reply_count_hidden":0,"_bbp_forum_subforum_count":0,"footnotes":""},"categories":[13,1,4,5],"tags":[168],"class_list":["post-8381","post","type-post","status-publish","format-standard","has-post-thumbnail","hentry","category-4t","category-general","category-portada","category-primaria","tag-colonies"],"post_mailing_queue_ids":[],"_links":{"self":[{"href":"https:\/\/agora.xtec.cat\/ceip-montserrat\/wp-json\/wp\/v2\/posts\/8381","targetHints":{"allow":["GET"]}}],"collection":[{"href":"https:\/\/agora.xtec.cat\/ceip-montserrat\/wp-json\/wp\/v2\/posts"}],"about":[{"href":"https:\/\/agora.xtec.cat\/ceip-montserrat\/wp-json\/wp\/v2\/types\/post"}],"author":[{"embeddable":true,"href":"https:\/\/agora.xtec.cat\/ceip-montserrat\/wp-json\/wp\/v2\/users\/1"}],"replies":[{"embeddable":true,"href":"https:\/\/agora.xtec.cat\/ceip-montserrat\/wp-json\/wp\/v2\/comments?post=8381"}],"version-history":[{"count":4,"href":"https:\/\/agora.xtec.cat\/ceip-montserrat\/wp-json\/wp\/v2\/posts\/8381\/revisions"}],"predecessor-version":[{"id":8388,"href":"https:\/\/agora.xtec.cat\/ceip-montserrat\/wp-json\/wp\/v2\/posts\/8381\/revisions\/8388"}],"wp:featuredmedia":[{"embeddable":true,"href":"https:\/\/agora.xtec.cat\/ceip-montserrat\/wp-json\/wp\/v2\/media\/8385"}],"wp:attachment":[{"href":"https:\/\/agora.xtec.cat\/ceip-montserrat\/wp-json\/wp\/v2\/media?parent=8381"}],"wp:term":[{"taxonomy":"category","embeddable":true,"href":"https:\/\/agora.xtec.cat\/ceip-montserrat\/wp-json\/wp\/v2\/categories?post=8381"},{"taxonomy":"post_tag","embeddable":true,"href":"https:\/\/agora.xtec.cat\/ceip-montserrat\/wp-json\/wp\/v2\/tags?post=8381"}],"curies":[{"name":"wp","href":"https:\/\/api.w.org\/{rel}","templated":true}]}}