{"id":8367,"date":"2026-04-23T19:55:05","date_gmt":"2026-04-23T17:55:05","guid":{"rendered":"https:\/\/agora.xtec.cat\/ceip-montserrat\/?p=8367"},"modified":"2026-04-23T20:56:50","modified_gmt":"2026-04-23T18:56:50","slug":"%f0%9f%8e%99%ef%b8%8f%f0%9f%8c%b9-participacio-a-radiodesvern","status":"publish","type":"post","link":"https:\/\/agora.xtec.cat\/ceip-montserrat\/general\/%f0%9f%8e%99%ef%b8%8f%f0%9f%8c%b9-participacio-a-radiodesvern\/","title":{"rendered":"\ud83c\udf99\ufe0f\ud83c\udf39 Participaci\u00f3 a R\u00e0dioDesvern"},"content":{"rendered":"<p data-start=\"163\" data-end=\"349\">L&#8217;alumnat de 5\u00e8 de prim\u00e0ria ha tingut l\u2019oportunitat de participar al <strong>programa especial de Sant Jordi de R\u00e0dio Desvern.<\/strong><\/p>\n<p data-start=\"163\" data-end=\"349\"><a href=\"https:\/\/agora.xtec.cat\/ceip-montserrat\/wp-content\/uploads\/usu1311\/2026\/04\/20260423_102038-scaled.jpg\"><img loading=\"lazy\" decoding=\"async\" class=\"wp-image-8369 aligncenter\" src=\"https:\/\/agora.xtec.cat\/ceip-montserrat\/wp-content\/uploads\/usu1311\/2026\/04\/20260423_102038-1024x628.jpg\" alt=\"\" width=\"466\" height=\"286\" srcset=\"https:\/\/agora.xtec.cat\/ceip-montserrat\/wp-content\/uploads\/usu1311\/2026\/04\/20260423_102038-1024x628.jpg 1024w, https:\/\/agora.xtec.cat\/ceip-montserrat\/wp-content\/uploads\/usu1311\/2026\/04\/20260423_102038-300x184.jpg 300w, https:\/\/agora.xtec.cat\/ceip-montserrat\/wp-content\/uploads\/usu1311\/2026\/04\/20260423_102038-768x471.jpg 768w, https:\/\/agora.xtec.cat\/ceip-montserrat\/wp-content\/uploads\/usu1311\/2026\/04\/20260423_102038-1536x941.jpg 1536w, https:\/\/agora.xtec.cat\/ceip-montserrat\/wp-content\/uploads\/usu1311\/2026\/04\/20260423_102038-2048x1255.jpg 2048w\" sizes=\"auto, (max-width: 466px) 100vw, 466px\" \/><\/a><\/p>\n<p data-start=\"351\" data-end=\"708\">La seva intervenci\u00f3 ha comen\u00e7at amb la lectura del poema \u201c<em>Si el m\u00f3n fos\u2026<\/em>\u201d de Joana Raspall, donant aix\u00ed el tret de sortida a una participaci\u00f3 plena de sensibilitat i expressivitat. Tot seguit, han parlat sobre la diada de Sant Jordi i han compartit alguns dels poemes escrits per ells mateixos, mostrant el seu talent i creativitat liter\u00e0ria.<\/p>\n<p data-start=\"710\" data-end=\"975\">A continuaci\u00f3, han explicat alguns dels projectes en qu\u00e8 participen, com el projecte d\u2019escola \u00abGaud\u00ed, cent anys de somnis vius\u00bb, el projecte eTwinning, PCMAT i Cant\u00e0nia.<\/p>\n<p data-start=\"977\" data-end=\"1157\">Ha estat una experi\u00e8ncia molt completa que ha perm\u00e8s als infants treballar l\u2019expressi\u00f3 oral, la confian\u00e7a i la comunicaci\u00f3, tot compartint la seva veu amb la comunitat.<\/p>\n<p style=\"text-align: center;\"><iframe loading=\"lazy\" src=\"https:\/\/www.radiodesvern.com\/embeds\/podcast\/la-rambla\/radiodesvern_podcast_38496\/markers\/radiodesvern_podcast_38496_podcastmarker_2\/\" width=\"100%\" height=\"280\" frameborder=\"0\"><\/iframe><\/p>\n","protected":false},"excerpt":{"rendered":"<p>L&#8217;alumnat de 5\u00e8 de prim\u00e0ria ha tingut l\u2019oportunitat de participar al programa especial de Sant Jordi de R\u00e0dio Desvern.<br \/>\n<a href=\"https:\/\/agora.xtec.cat\/ceip-montserrat\/wp-content\/uploads\/usu1311\/2026\/04\/20260423_102038-scaled.jpg\"><\/a><br \/>\nLa seva intervenci\u00f3 ha comen\u00e7at amb la lectura del poema \u201cSi el m\u00f3n fos\u2026\u201d de Joana Raspall, donant aix\u00ed el tret de sortida a una participaci\u00f3&hellip;  <a href=\"https:\/\/agora.xtec.cat\/ceip-montserrat\/general\/%f0%9f%8e%99%ef%b8%8f%f0%9f%8c%b9-participacio-a-radiodesvern\/\" title=\"Read \ud83c\udf99\ufe0f\ud83c\udf39 Participaci\u00f3 a R\u00e0dioDesvern\">Llegeix m\u00e9s\u00bb<\/a><\/p>\n","protected":false},"author":1,"featured_media":8369,"comment_status":"open","ping_status":"closed","sticky":false,"template":"","format":"standard","meta":{"_bbp_topic_count":0,"_bbp_reply_count":0,"_bbp_total_topic_count":0,"_bbp_total_reply_count":0,"_bbp_voice_count":0,"_bbp_anonymous_reply_count":0,"_bbp_topic_count_hidden":0,"_bbp_reply_count_hidden":0,"_bbp_forum_subforum_count":0,"footnotes":""},"categories":[14,1,97,4,5,119],"tags":[],"class_list":["post-8367","post","type-post","status-publish","format-standard","has-post-thumbnail","hentry","category-5e","category-general","category-mitjansdecomunicacio","category-portada","category-primaria","category-santjordi"],"post_mailing_queue_ids":[],"_links":{"self":[{"href":"https:\/\/agora.xtec.cat\/ceip-montserrat\/wp-json\/wp\/v2\/posts\/8367","targetHints":{"allow":["GET"]}}],"collection":[{"href":"https:\/\/agora.xtec.cat\/ceip-montserrat\/wp-json\/wp\/v2\/posts"}],"about":[{"href":"https:\/\/agora.xtec.cat\/ceip-montserrat\/wp-json\/wp\/v2\/types\/post"}],"author":[{"embeddable":true,"href":"https:\/\/agora.xtec.cat\/ceip-montserrat\/wp-json\/wp\/v2\/users\/1"}],"replies":[{"embeddable":true,"href":"https:\/\/agora.xtec.cat\/ceip-montserrat\/wp-json\/wp\/v2\/comments?post=8367"}],"version-history":[{"count":4,"href":"https:\/\/agora.xtec.cat\/ceip-montserrat\/wp-json\/wp\/v2\/posts\/8367\/revisions"}],"predecessor-version":[{"id":8372,"href":"https:\/\/agora.xtec.cat\/ceip-montserrat\/wp-json\/wp\/v2\/posts\/8367\/revisions\/8372"}],"wp:featuredmedia":[{"embeddable":true,"href":"https:\/\/agora.xtec.cat\/ceip-montserrat\/wp-json\/wp\/v2\/media\/8369"}],"wp:attachment":[{"href":"https:\/\/agora.xtec.cat\/ceip-montserrat\/wp-json\/wp\/v2\/media?parent=8367"}],"wp:term":[{"taxonomy":"category","embeddable":true,"href":"https:\/\/agora.xtec.cat\/ceip-montserrat\/wp-json\/wp\/v2\/categories?post=8367"},{"taxonomy":"post_tag","embeddable":true,"href":"https:\/\/agora.xtec.cat\/ceip-montserrat\/wp-json\/wp\/v2\/tags?post=8367"}],"curies":[{"name":"wp","href":"https:\/\/api.w.org\/{rel}","templated":true}]}}