{"id":8334,"date":"2026-04-23T18:39:13","date_gmt":"2026-04-23T16:39:13","guid":{"rendered":"https:\/\/agora.xtec.cat\/ceip-montserrat\/?p=8334"},"modified":"2026-04-23T20:40:33","modified_gmt":"2026-04-23T18:40:33","slug":"%f0%9f%8c%b9%f0%9f%8e%a8-padrins-i-fillols-celebren-sant-jordi-plegats","status":"publish","type":"post","link":"https:\/\/agora.xtec.cat\/ceip-montserrat\/general\/%f0%9f%8c%b9%f0%9f%8e%a8-padrins-i-fillols-celebren-sant-jordi-plegats\/","title":{"rendered":"\ud83c\udf39\ud83c\udfa8 Padrins i fillols celebren Sant Jordi plegats"},"content":{"rendered":"<p data-start=\"933\" data-end=\"1112\">Amb motiu de la diada de <strong data-start=\"958\" data-end=\"972\">Sant Jordi<\/strong>, durant aquests dies els padrins i fillols de l\u2019escola s\u2019han trobat per compartir una estona molt especial plena d&#8217;activitats pl\u00e0stiques, conviv\u00e8ncia i complicitat.<\/p>\n<p data-start=\"302\" data-end=\"611\">Grans i petits han treballat plegats en la creaci\u00f3 de murals col\u00b7laboratius i en l\u2019elaboraci\u00f3 de roses, fomentant la creativitat, la cooperaci\u00f3 i la imaginaci\u00f3. Aquesta proposta ha perm\u00e8s enfortir els vincles entre alumnes de diferents edats, tot fomentant el treball en equip i l\u2019ajuda m\u00fatua.<\/p>\n<p data-start=\"613\" data-end=\"770\">Ha estat una sessi\u00f3 plena de colors, complicitat i somriures!<\/p>\n<p style=\"text-align: center;\" data-start=\"613\" data-end=\"770\">\r\n\t<div class=\"slideshow_container slideshow_container_style-light\" style=\"height: 300px; \" data-slideshow-id=\"8336\" data-style-name=\"style-light\" data-style-version=\"2.3.1\" >\r\n\r\n\t\t\t\t\t<div class=\"slideshow_loading_icon\"><\/div>\r\n\t\t\r\n\t\t<div class=\"slideshow_content\" style=\"display: none;\">\r\n\r\n\t\t\t<div class=\"slideshow_view\">\r\n\t\t\t\t<div class=\"slideshow_slide slideshow_slide_image\">\r\n\t\t\t\t\t\t\t\t\t\t\t<img src=\"https:\/\/agora.xtec.cat\/ceip-montserrat\/wp-content\/uploads\/usu1311\/2026\/04\/Parins-i-fillols-10-scaled.jpg\" alt=\"Parins i fillols (10)\" width=\"2560\" height=\"2506\" \/>\r\n\t\t\t\t\t\t\t\t\t\t<div class=\"slideshow_description_box slideshow_transparent\">\r\n\t\t\t\t\t\t<div class=\"slideshow_title\">Parins i fillols (10)<\/div>\t\t\t\t\t\t\t\t\t\t\t<\/div>\r\n\t\t\t\t<\/div>\r\n\r\n\t\t\t\t\t\t<div style=\"clear: both;\"><\/div><\/div><div class=\"slideshow_view\">\r\n\t\t\t\t<div class=\"slideshow_slide slideshow_slide_image\">\r\n\t\t\t\t\t\t\t\t\t\t\t<img src=\"https:\/\/agora.xtec.cat\/ceip-montserrat\/wp-content\/uploads\/usu1311\/2026\/04\/Parins-i-fillols-9-scaled.jpg\" alt=\"Parins i fillols (9)\" width=\"2560\" height=\"1751\" \/>\r\n\t\t\t\t\t\t\t\t\t\t<div class=\"slideshow_description_box slideshow_transparent\">\r\n\t\t\t\t\t\t<div class=\"slideshow_title\">Parins i fillols (9)<\/div>\t\t\t\t\t\t\t\t\t\t\t<\/div>\r\n\t\t\t\t<\/div>\r\n\r\n\t\t\t\t\t\t<div style=\"clear: both;\"><\/div><\/div><div class=\"slideshow_view\">\r\n\t\t\t\t<div class=\"slideshow_slide slideshow_slide_image\">\r\n\t\t\t\t\t\t\t\t\t\t\t<img src=\"https:\/\/agora.xtec.cat\/ceip-montserrat\/wp-content\/uploads\/usu1311\/2026\/04\/Parins-i-fillols-6-scaled.jpg\" alt=\"Parins i fillols (6)\" width=\"2560\" height=\"2257\" \/>\r\n\t\t\t\t\t\t\t\t\t\t<div class=\"slideshow_description_box slideshow_transparent\">\r\n\t\t\t\t\t\t<div class=\"slideshow_title\">Parins i fillols (6)<\/div>\t\t\t\t\t\t\t\t\t\t\t<\/div>\r\n\t\t\t\t<\/div>\r\n\r\n\t\t\t\t\t\t<div style=\"clear: both;\"><\/div><\/div><div class=\"slideshow_view\">\r\n\t\t\t\t<div class=\"slideshow_slide slideshow_slide_image\">\r\n\t\t\t\t\t\t\t\t\t\t\t<img src=\"https:\/\/agora.xtec.cat\/ceip-montserrat\/wp-content\/uploads\/usu1311\/2026\/04\/Parins-i-fillols-5-scaled.jpg\" alt=\"Parins i fillols (5)\" width=\"2560\" height=\"2397\" \/>\r\n\t\t\t\t\t\t\t\t\t\t<div class=\"slideshow_description_box slideshow_transparent\">\r\n\t\t\t\t\t\t<div class=\"slideshow_title\">Parins i fillols (5)<\/div>\t\t\t\t\t\t\t\t\t\t\t<\/div>\r\n\t\t\t\t<\/div>\r\n\r\n\t\t\t\t\t\t<div style=\"clear: both;\"><\/div><\/div><div class=\"slideshow_view\">\r\n\t\t\t\t<div class=\"slideshow_slide slideshow_slide_image\">\r\n\t\t\t\t\t\t\t\t\t\t\t<img src=\"https:\/\/agora.xtec.cat\/ceip-montserrat\/wp-content\/uploads\/usu1311\/2026\/04\/Parins-i-fillols-4-scaled.jpg\" alt=\"Parins i fillols (4)\" width=\"2560\" height=\"1922\" \/>\r\n\t\t\t\t\t\t\t\t\t\t<div class=\"slideshow_description_box slideshow_transparent\">\r\n\t\t\t\t\t\t<div class=\"slideshow_title\">Parins i fillols (4)<\/div>\t\t\t\t\t\t\t\t\t\t\t<\/div>\r\n\t\t\t\t<\/div>\r\n\r\n\t\t\t\t\t\t<div style=\"clear: both;\"><\/div><\/div><div class=\"slideshow_view\">\r\n\t\t\t\t<div class=\"slideshow_slide slideshow_slide_image\">\r\n\t\t\t\t\t\t\t\t\t\t\t<img src=\"https:\/\/agora.xtec.cat\/ceip-montserrat\/wp-content\/uploads\/usu1311\/2026\/04\/Parins-i-fillols-3-scaled.jpg\" alt=\"Parins i fillols (3)\" width=\"2560\" height=\"2216\" \/>\r\n\t\t\t\t\t\t\t\t\t\t<div class=\"slideshow_description_box slideshow_transparent\">\r\n\t\t\t\t\t\t<div class=\"slideshow_title\">Parins i fillols (3)<\/div>\t\t\t\t\t\t\t\t\t\t\t<\/div>\r\n\t\t\t\t<\/div>\r\n\r\n\t\t\t\t\t\t<div style=\"clear: both;\"><\/div><\/div><div class=\"slideshow_view\">\r\n\t\t\t\t<div class=\"slideshow_slide slideshow_slide_image\">\r\n\t\t\t\t\t\t\t\t\t\t\t<img src=\"https:\/\/agora.xtec.cat\/ceip-montserrat\/wp-content\/uploads\/usu1311\/2026\/04\/Parins-i-fillols-2-scaled.jpg\" alt=\"Parins i fillols (2)\" width=\"2560\" height=\"1442\" \/>\r\n\t\t\t\t\t\t\t\t\t\t<div class=\"slideshow_description_box slideshow_transparent\">\r\n\t\t\t\t\t\t<div class=\"slideshow_title\">Parins i fillols (2)<\/div>\t\t\t\t\t\t\t\t\t\t\t<\/div>\r\n\t\t\t\t<\/div>\r\n\r\n\t\t\t\t\t\t<div style=\"clear: both;\"><\/div><\/div><div class=\"slideshow_view\">\r\n\t\t\t\t<div class=\"slideshow_slide slideshow_slide_image\">\r\n\t\t\t\t\t\t\t\t\t\t\t<img src=\"https:\/\/agora.xtec.cat\/ceip-montserrat\/wp-content\/uploads\/usu1311\/2026\/04\/Parins-i-fillols-1-scaled.jpg\" alt=\"Parins i fillols (1)\" width=\"2560\" height=\"1638\" \/>\r\n\t\t\t\t\t\t\t\t\t\t<div class=\"slideshow_description_box slideshow_transparent\">\r\n\t\t\t\t\t\t<div class=\"slideshow_title\">Parins i fillols (1)<\/div>\t\t\t\t\t\t\t\t\t\t\t<\/div>\r\n\t\t\t\t<\/div>\r\n\r\n\t\t\t\t\t\t<div style=\"clear: both;\"><\/div><\/div><div class=\"slideshow_view\">\r\n\t\t\t\t<div class=\"slideshow_slide slideshow_slide_image\">\r\n\t\t\t\t\t\t\t\t\t\t\t<img src=\"https:\/\/agora.xtec.cat\/ceip-montserrat\/wp-content\/uploads\/usu1311\/2026\/04\/Parins-i-fillols-7-scaled.jpg\" alt=\"Parins i fillols (7)\" width=\"2560\" height=\"2432\" \/>\r\n\t\t\t\t\t\t\t\t\t\t<div class=\"slideshow_description_box slideshow_transparent\">\r\n\t\t\t\t\t\t<div class=\"slideshow_title\">Parins i fillols (7)<\/div>\t\t\t\t\t\t\t\t\t\t\t<\/div>\r\n\t\t\t\t<\/div>\r\n\r\n\t\t\t\t\t\t<div style=\"clear: both;\"><\/div><\/div>\r\n\t\t<\/div>\r\n\r\n\t\t<div class=\"slideshow_controlPanel slideshow_transparent\" style=\"display: none;\"><ul><li class=\"slideshow_togglePlay\" data-play-text=\"Visualitza\" data-pause-text=\"Pausa\"><\/li><\/ul><\/div>\r\n\r\n\t\t<div class=\"slideshow_button slideshow_previous slideshow_transparent\" role=\"button\" data-previous-text=\"Anterior\" style=\"display: none;\"><\/div>\r\n\t\t<div class=\"slideshow_button slideshow_next slideshow_transparent\" role=\"button\" data-next-text=\"Seg\u00fcent\" style=\"display: none;\"><\/div>\r\n\r\n\t\t<div class=\"slideshow_pagination\" style=\"display: none;\" data-go-to-text=\"V\u00e9s a la diapositiva\"><div class=\"slideshow_pagination_center\"><\/div><\/div>\r\n\r\n\t\t<!-- WordPress Slideshow Version 2.3.1 -->\r\n\r\n\t\t\t<\/div>\r\n\r\n<\/p>\n<p data-start=\"1532\" data-end=\"1584\">\n","protected":false},"excerpt":{"rendered":"<p>Amb motiu de la diada de Sant Jordi, durant aquests dies els padrins i fillols de l\u2019escola s\u2019han trobat per compartir una estona molt especial plena d&#8217;activitats pl\u00e0stiques, conviv\u00e8ncia i complicitat.<br \/>\nGrans i petits han treballat plegats en la creaci\u00f3 de murals col\u00b7laboratius i en l\u2019elaboraci\u00f3&hellip;  <a href=\"https:\/\/agora.xtec.cat\/ceip-montserrat\/general\/%f0%9f%8c%b9%f0%9f%8e%a8-padrins-i-fillols-celebren-sant-jordi-plegats\/\" title=\"Read \ud83c\udf39\ud83c\udfa8 Padrins i fillols celebren Sant Jordi plegats\">Llegeix m\u00e9s\u00bb<\/a><\/p>\n","protected":false},"author":1,"featured_media":8338,"comment_status":"open","ping_status":"closed","sticky":false,"template":"","format":"standard","meta":{"_bbp_topic_count":0,"_bbp_reply_count":0,"_bbp_total_topic_count":0,"_bbp_total_reply_count":0,"_bbp_voice_count":0,"_bbp_anonymous_reply_count":0,"_bbp_topic_count_hidden":0,"_bbp_reply_count_hidden":0,"_bbp_forum_subforum_count":0,"footnotes":""},"categories":[1,2,5,119],"tags":[],"class_list":["post-8334","post","type-post","status-publish","format-standard","has-post-thumbnail","hentry","category-general","category-infantil","category-primaria","category-santjordi"],"post_mailing_queue_ids":[],"_links":{"self":[{"href":"https:\/\/agora.xtec.cat\/ceip-montserrat\/wp-json\/wp\/v2\/posts\/8334","targetHints":{"allow":["GET"]}}],"collection":[{"href":"https:\/\/agora.xtec.cat\/ceip-montserrat\/wp-json\/wp\/v2\/posts"}],"about":[{"href":"https:\/\/agora.xtec.cat\/ceip-montserrat\/wp-json\/wp\/v2\/types\/post"}],"author":[{"embeddable":true,"href":"https:\/\/agora.xtec.cat\/ceip-montserrat\/wp-json\/wp\/v2\/users\/1"}],"replies":[{"embeddable":true,"href":"https:\/\/agora.xtec.cat\/ceip-montserrat\/wp-json\/wp\/v2\/comments?post=8334"}],"version-history":[{"count":5,"href":"https:\/\/agora.xtec.cat\/ceip-montserrat\/wp-json\/wp\/v2\/posts\/8334\/revisions"}],"predecessor-version":[{"id":8366,"href":"https:\/\/agora.xtec.cat\/ceip-montserrat\/wp-json\/wp\/v2\/posts\/8334\/revisions\/8366"}],"wp:featuredmedia":[{"embeddable":true,"href":"https:\/\/agora.xtec.cat\/ceip-montserrat\/wp-json\/wp\/v2\/media\/8338"}],"wp:attachment":[{"href":"https:\/\/agora.xtec.cat\/ceip-montserrat\/wp-json\/wp\/v2\/media?parent=8334"}],"wp:term":[{"taxonomy":"category","embeddable":true,"href":"https:\/\/agora.xtec.cat\/ceip-montserrat\/wp-json\/wp\/v2\/categories?post=8334"},{"taxonomy":"post_tag","embeddable":true,"href":"https:\/\/agora.xtec.cat\/ceip-montserrat\/wp-json\/wp\/v2\/tags?post=8334"}],"curies":[{"name":"wp","href":"https:\/\/api.w.org\/{rel}","templated":true}]}}