{"id":8266,"date":"2026-03-17T10:38:29","date_gmt":"2026-03-17T09:38:29","guid":{"rendered":"https:\/\/agora.xtec.cat\/ceip-montserrat\/?p=8266"},"modified":"2026-03-17T20:35:15","modified_gmt":"2026-03-17T19:35:15","slug":"ens-convertim-en-analistes-de-dades","status":"publish","type":"post","link":"https:\/\/agora.xtec.cat\/ceip-montserrat\/general\/ens-convertim-en-analistes-de-dades\/","title":{"rendered":"Ens convertim en analistes de dades \ud83e\udde0\ud83d\udcc8"},"content":{"rendered":"<p style=\"text-align: center;\"><span style=\"font-weight: 400;\">L\u2019alumnat de 5\u00e8 i 6\u00e8 s\u2019ha posat a la pell d\u2019aut\u00e8ntics<\/span><b> analistes de dades<\/b><span style=\"font-weight: 400;\"> durant les sessions de <strong>PCMAT<\/strong>, programa on es treballa el pensament computacional i les matem\u00e0tiques.<\/span><\/p>\n<p style=\"text-align: center;\"><span style=\"font-weight: 400;\">A partir d\u2019un enc\u00e0rrec molt especial, els nois i noies han hagut d\u2019elaborar un informe destinat a l\u2019Ajuntament. L\u2019objectiu del projecte ha estat investigar i analitzar les dist\u00e0ncies que recorren cada dia per venir a l\u2019escola, aix\u00ed com el temps que hi dediquen.<\/span><\/p>\n<p style=\"text-align: center;\"><span style=\"font-weight: 400;\">Per dur a terme aquesta tasca, han recollit dades reals, han mesurat dist\u00e0ncies, han elaborat gr\u00e0fics, han treballat amb pl\u00e0nols i l\u2019escala. Tamb\u00e9 han utilitzat eines digitals com les plaques Micro:bit, Google Maps, fulls de c\u00e0lcul i Canva per desenvolupar el pensament computacional, \u00e9s a dir, la capacitat de resoldre problemes de manera estructurada i utilitzant la tecnologia de forma significativa.<\/span><\/p>\n<p style=\"text-align: center;\"><span style=\"font-weight: 400;\">Aquest treball els ha perm\u00e8s aplicar les matem\u00e0tiques a una situaci\u00f3 propera i real, tot desenvolupant compet\u00e8ncies com el pensament cr\u00edtic i l\u2019an\u00e0lisi de la informaci\u00f3. Una experi\u00e8ncia enriquidora que els ha fet veure com les matem\u00e0tiques s\u00f3n una eina clau per entendre i millorar el nostre entorn!<\/span><\/p>\n<p style=\"text-align: center;\">En aquest v\u00eddeo-resum podeu veure com ho han fet!<\/p>\n<p><a href=\"https:\/\/www.canva.com\/design\/DAHCa3OVDAk\/RMikmtDcBsT7Zu42LA2eBw\/watch?utm_content=DAHCa3OVDAk&amp;utm_campaign=designshare&amp;utm_medium=link2&amp;utm_source=uniquelinks&amp;utlId=h74ee46554d\"><img loading=\"lazy\" decoding=\"async\" class=\"aligncenter wp-image-8267\" src=\"https:\/\/agora.xtec.cat\/ceip-montserrat\/wp-content\/uploads\/usu1311\/2026\/03\/PCMAT-analistes-de-dades-1024x505.png\" alt=\"\" width=\"760\" height=\"375\" srcset=\"https:\/\/agora.xtec.cat\/ceip-montserrat\/wp-content\/uploads\/usu1311\/2026\/03\/PCMAT-analistes-de-dades-1024x505.png 1024w, https:\/\/agora.xtec.cat\/ceip-montserrat\/wp-content\/uploads\/usu1311\/2026\/03\/PCMAT-analistes-de-dades-300x148.png 300w, https:\/\/agora.xtec.cat\/ceip-montserrat\/wp-content\/uploads\/usu1311\/2026\/03\/PCMAT-analistes-de-dades-768x379.png 768w, https:\/\/agora.xtec.cat\/ceip-montserrat\/wp-content\/uploads\/usu1311\/2026\/03\/PCMAT-analistes-de-dades-1536x757.png 1536w, https:\/\/agora.xtec.cat\/ceip-montserrat\/wp-content\/uploads\/usu1311\/2026\/03\/PCMAT-analistes-de-dades.png 1607w\" sizes=\"auto, (max-width: 760px) 100vw, 760px\" \/><\/a><\/p>\n","protected":false},"excerpt":{"rendered":"<p>L\u2019alumnat de 5\u00e8 i 6\u00e8 s\u2019ha posat a la pell d\u2019aut\u00e8ntics analistes de dades durant les sessions de PCMAT, programa on es treballa el pensament computacional i les matem\u00e0tiques.<br \/>\nA partir d\u2019un enc\u00e0rrec molt especial, els nois i noies han hagut d\u2019elaborar un informe destinat a&hellip;  <a href=\"https:\/\/agora.xtec.cat\/ceip-montserrat\/general\/ens-convertim-en-analistes-de-dades\/\" title=\"Read Ens convertim en analistes de dades \ud83e\udde0\ud83d\udcc8\">Llegeix m\u00e9s\u00bb<\/a><\/p>\n","protected":false},"author":1,"featured_media":8267,"comment_status":"open","ping_status":"closed","sticky":false,"template":"","format":"standard","meta":{"_bbp_topic_count":0,"_bbp_reply_count":0,"_bbp_total_topic_count":0,"_bbp_total_reply_count":0,"_bbp_voice_count":0,"_bbp_anonymous_reply_count":0,"_bbp_topic_count_hidden":0,"_bbp_reply_count_hidden":0,"_bbp_forum_subforum_count":0,"footnotes":""},"categories":[14,15,1,293,4,5],"tags":[292],"class_list":["post-8266","post","type-post","status-publish","format-standard","has-post-thumbnail","hentry","category-5e","category-6e","category-general","category-pcmat","category-portada","category-primaria","tag-pcmat"],"post_mailing_queue_ids":[],"_links":{"self":[{"href":"https:\/\/agora.xtec.cat\/ceip-montserrat\/wp-json\/wp\/v2\/posts\/8266","targetHints":{"allow":["GET"]}}],"collection":[{"href":"https:\/\/agora.xtec.cat\/ceip-montserrat\/wp-json\/wp\/v2\/posts"}],"about":[{"href":"https:\/\/agora.xtec.cat\/ceip-montserrat\/wp-json\/wp\/v2\/types\/post"}],"author":[{"embeddable":true,"href":"https:\/\/agora.xtec.cat\/ceip-montserrat\/wp-json\/wp\/v2\/users\/1"}],"replies":[{"embeddable":true,"href":"https:\/\/agora.xtec.cat\/ceip-montserrat\/wp-json\/wp\/v2\/comments?post=8266"}],"version-history":[{"count":2,"href":"https:\/\/agora.xtec.cat\/ceip-montserrat\/wp-json\/wp\/v2\/posts\/8266\/revisions"}],"predecessor-version":[{"id":8269,"href":"https:\/\/agora.xtec.cat\/ceip-montserrat\/wp-json\/wp\/v2\/posts\/8266\/revisions\/8269"}],"wp:featuredmedia":[{"embeddable":true,"href":"https:\/\/agora.xtec.cat\/ceip-montserrat\/wp-json\/wp\/v2\/media\/8267"}],"wp:attachment":[{"href":"https:\/\/agora.xtec.cat\/ceip-montserrat\/wp-json\/wp\/v2\/media?parent=8266"}],"wp:term":[{"taxonomy":"category","embeddable":true,"href":"https:\/\/agora.xtec.cat\/ceip-montserrat\/wp-json\/wp\/v2\/categories?post=8266"},{"taxonomy":"post_tag","embeddable":true,"href":"https:\/\/agora.xtec.cat\/ceip-montserrat\/wp-json\/wp\/v2\/tags?post=8266"}],"curies":[{"name":"wp","href":"https:\/\/api.w.org\/{rel}","templated":true}]}}