{"id":7246,"date":"2024-05-13T18:34:26","date_gmt":"2024-05-13T16:34:26","guid":{"rendered":"https:\/\/agora.xtec.cat\/ceip-montserrat\/?p=7246"},"modified":"2024-05-13T18:34:43","modified_gmt":"2024-05-13T16:34:43","slug":"iniciativa-lets-clean-up-europe","status":"publish","type":"post","link":"https:\/\/agora.xtec.cat\/ceip-montserrat\/general\/iniciativa-lets-clean-up-europe\/","title":{"rendered":"Iniciativa: Let&#8217;s clean up Europe"},"content":{"rendered":"<p style=\"text-align: center;\" data-pm-slice=\"1 1 []\">El passat divendres 10 de maig, l&#8217;alumnat de 5\u00e8 de prim\u00e0ria va participar e<a href=\"https:\/\/agora.xtec.cat\/ceip-montserrat\/wp-content\/uploads\/usu1311\/2024\/05\/banner-web-LCUE.jpg\"><img loading=\"lazy\" decoding=\"async\" class=\" wp-image-7259 alignright\" src=\"https:\/\/agora.xtec.cat\/ceip-montserrat\/wp-content\/uploads\/usu1311\/2024\/05\/banner-web-LCUE.jpg\" alt=\"\" width=\"111\" height=\"159\" \/><\/a>n una operaci\u00f3 de neteja al <strong>Parc Natural de Collserola en el municipi de Sant Just Desvern, <\/strong>amb l&#8217;objectiu de sensibilitzar el nostre alumnat de la import\u00e0ncia de tenir cura del medi ambient per tal de fer de les nostres ciutats i el seu entorn natural espais m\u00e9s sostenibles aix\u00ed com treballar en la separaci\u00f3 de residus.<\/p>\n<p style=\"text-align: center;\">Aquesta acci\u00f3, emmarcada en el projecte de la <strong>Setmana Europea de Prevenci\u00f3 de Residus (\u201c<a href=\"https:\/\/residus.gencat.cat\/ca\/ambits_dactuacio\/prevencio\/setmana_europea\/lets_clean_up_europe\/\">Let\u2019s Clean Up Europe<\/a>\u201d)<\/strong> i coordinada per l\u2019Ag\u00e8ncia de Residus de Catalunya en el nostre territori, s\u2019inclou com a producte final en el <strong>programa etwinning \u00a0\u201cThe Path Of Water\u201d<\/strong> i treball competencial en l\u2019\u00e0rea de Medi Natural.\u00a0 Conjuntament a la nostra participaci\u00f3, se\u2019n desplegaran d\u2019altres \u00a0de protecci\u00f3 i neteja dels espais naturals a tota Catalunya i a la resta d\u2019Europa al llarg del mes de maig.<\/p>\n<p style=\"text-align: center;\">Ha estat una activitat coordinada amb el Departament de Medi Ambient de l\u2019Ajuntament de Sant Just i amb la coordinadora de programes d\u2019educaci\u00f3 ambiental del Consorci del Parc Natural de la Serra de Collserola.<\/p>\n<p style=\"text-align: center;\">Durant l&#8217;operaci\u00f3 ens va visitar l&#8217;alcalde de Sant Just, el Sr. Joan Basaga\u00f1as, i el regidor d&#8217;educaci\u00f3, el Sr. Just Fosalva, per agrair-nos la nostra tasca.<\/p>\n<h3 style=\"text-align: center;\"><span style=\"color: #339966;\"><strong><a href=\"https:\/\/agora.xtec.cat\/ceip-montserrat\/wp-content\/uploads\/usu1311\/2024\/05\/Residus-recollits.png\"><img loading=\"lazy\" decoding=\"async\" class=\"alignnone wp-image-7260\" src=\"https:\/\/agora.xtec.cat\/ceip-montserrat\/wp-content\/uploads\/usu1311\/2024\/05\/Residus-recollits-1024x794.png\" alt=\"\" width=\"462\" height=\"358\" srcset=\"https:\/\/agora.xtec.cat\/ceip-montserrat\/wp-content\/uploads\/usu1311\/2024\/05\/Residus-recollits-1024x794.png 1024w, https:\/\/agora.xtec.cat\/ceip-montserrat\/wp-content\/uploads\/usu1311\/2024\/05\/Residus-recollits-300x233.png 300w, https:\/\/agora.xtec.cat\/ceip-montserrat\/wp-content\/uploads\/usu1311\/2024\/05\/Residus-recollits-768x595.png 768w, https:\/\/agora.xtec.cat\/ceip-montserrat\/wp-content\/uploads\/usu1311\/2024\/05\/Residus-recollits.png 1058w\" sizes=\"auto, (max-width: 462px) 100vw, 462px\" \/><\/a><br \/>\n<\/strong><\/span><\/h3>\n<p style=\"text-align: center;\"><strong>Molt contents i contentes d&#8217;aportar el nostre granet de sorra per cuidar el nostre medi ambient!!<\/strong><\/p>\n<p style=\"text-align: center;\">\r\n\t<div class=\"slideshow_container slideshow_container_style-light\" style=\"height: 300px; \" data-slideshow-id=\"7248\" data-style-name=\"style-light\" data-style-version=\"2.3.1\" >\r\n\r\n\t\t\t\t\t<div class=\"slideshow_loading_icon\"><\/div>\r\n\t\t\r\n\t\t<div class=\"slideshow_content\" style=\"display: none;\">\r\n\r\n\t\t\t<div class=\"slideshow_view\">\r\n\t\t\t\t<div class=\"slideshow_slide slideshow_slide_image\">\r\n\t\t\t\t\t\t\t\t\t\t\t<img src=\"https:\/\/agora.xtec.cat\/ceip-montserrat\/wp-content\/uploads\/usu1311\/2024\/05\/Lets-clean-up-Europe-11.jpg\" alt=\"Let&#039;s clean up Europe (11)\" width=\"1543\" height=\"1271\" \/>\r\n\t\t\t\t\t\t\t\t\t\t<div class=\"slideshow_description_box slideshow_transparent\">\r\n\t\t\t\t\t\t<div class=\"slideshow_title\">Let&#039;s clean up Europe (11)<\/div>\t\t\t\t\t\t\t\t\t\t\t<\/div>\r\n\t\t\t\t<\/div>\r\n\r\n\t\t\t\t\t\t<div style=\"clear: both;\"><\/div><\/div><div class=\"slideshow_view\">\r\n\t\t\t\t<div class=\"slideshow_slide slideshow_slide_image\">\r\n\t\t\t\t\t\t\t\t\t\t\t<img src=\"https:\/\/agora.xtec.cat\/ceip-montserrat\/wp-content\/uploads\/usu1311\/2024\/05\/Lets-clean-up-Europe-10.jpg\" alt=\"Let&#039;s clean up Europe (10)\" width=\"1536\" height=\"2048\" \/>\r\n\t\t\t\t\t\t\t\t\t\t<div class=\"slideshow_description_box slideshow_transparent\">\r\n\t\t\t\t\t\t<div class=\"slideshow_title\">Let&#039;s clean up Europe (10)<\/div>\t\t\t\t\t\t\t\t\t\t\t<\/div>\r\n\t\t\t\t<\/div>\r\n\r\n\t\t\t\t\t\t<div style=\"clear: both;\"><\/div><\/div><div class=\"slideshow_view\">\r\n\t\t\t\t<div class=\"slideshow_slide slideshow_slide_image\">\r\n\t\t\t\t\t\t\t\t\t\t\t<img src=\"https:\/\/agora.xtec.cat\/ceip-montserrat\/wp-content\/uploads\/usu1311\/2024\/05\/Lets-clean-up-Europe-9.jpg\" alt=\"Let&#039;s clean up Europe (9)\" width=\"1536\" height=\"1829\" \/>\r\n\t\t\t\t\t\t\t\t\t\t<div class=\"slideshow_description_box slideshow_transparent\">\r\n\t\t\t\t\t\t<div class=\"slideshow_title\">Let&#039;s clean up Europe (9)<\/div>\t\t\t\t\t\t\t\t\t\t\t<\/div>\r\n\t\t\t\t<\/div>\r\n\r\n\t\t\t\t\t\t<div style=\"clear: both;\"><\/div><\/div><div class=\"slideshow_view\">\r\n\t\t\t\t<div class=\"slideshow_slide slideshow_slide_image\">\r\n\t\t\t\t\t\t\t\t\t\t\t<img src=\"https:\/\/agora.xtec.cat\/ceip-montserrat\/wp-content\/uploads\/usu1311\/2024\/05\/Lets-clean-up-Europe-8.jpg\" alt=\"Let&#039;s clean up Europe (8)\" width=\"1536\" height=\"2048\" \/>\r\n\t\t\t\t\t\t\t\t\t\t<div class=\"slideshow_description_box slideshow_transparent\">\r\n\t\t\t\t\t\t<div class=\"slideshow_title\">Let&#039;s clean up Europe (8)<\/div>\t\t\t\t\t\t\t\t\t\t\t<\/div>\r\n\t\t\t\t<\/div>\r\n\r\n\t\t\t\t\t\t<div style=\"clear: both;\"><\/div><\/div><div class=\"slideshow_view\">\r\n\t\t\t\t<div class=\"slideshow_slide slideshow_slide_image\">\r\n\t\t\t\t\t\t\t\t\t\t\t<img src=\"https:\/\/agora.xtec.cat\/ceip-montserrat\/wp-content\/uploads\/usu1311\/2024\/05\/Lets-clean-up-Europe-7.jpg\" alt=\"Let&#039;s clean up Europe (7)\" width=\"1389\" height=\"1730\" \/>\r\n\t\t\t\t\t\t\t\t\t\t<div class=\"slideshow_description_box slideshow_transparent\">\r\n\t\t\t\t\t\t<div class=\"slideshow_title\">Let&#039;s clean up Europe (7)<\/div>\t\t\t\t\t\t\t\t\t\t\t<\/div>\r\n\t\t\t\t<\/div>\r\n\r\n\t\t\t\t\t\t<div style=\"clear: both;\"><\/div><\/div><div class=\"slideshow_view\">\r\n\t\t\t\t<div class=\"slideshow_slide slideshow_slide_image\">\r\n\t\t\t\t\t\t\t\t\t\t\t<img src=\"https:\/\/agora.xtec.cat\/ceip-montserrat\/wp-content\/uploads\/usu1311\/2024\/05\/Lets-clean-up-Europe-6.jpg\" alt=\"Let&#039;s clean up Europe (6)\" width=\"1536\" height=\"2048\" \/>\r\n\t\t\t\t\t\t\t\t\t\t<div class=\"slideshow_description_box slideshow_transparent\">\r\n\t\t\t\t\t\t<div class=\"slideshow_title\">Let&#039;s clean up Europe (6)<\/div>\t\t\t\t\t\t\t\t\t\t\t<\/div>\r\n\t\t\t\t<\/div>\r\n\r\n\t\t\t\t\t\t<div style=\"clear: both;\"><\/div><\/div><div class=\"slideshow_view\">\r\n\t\t\t\t<div class=\"slideshow_slide slideshow_slide_image\">\r\n\t\t\t\t\t\t\t\t\t\t\t<img src=\"https:\/\/agora.xtec.cat\/ceip-montserrat\/wp-content\/uploads\/usu1311\/2024\/05\/Lets-clean-up-Europe-5.jpg\" alt=\"Let&#039;s clean up Europe (5)\" width=\"1609\" height=\"2048\" \/>\r\n\t\t\t\t\t\t\t\t\t\t<div class=\"slideshow_description_box slideshow_transparent\">\r\n\t\t\t\t\t\t<div class=\"slideshow_title\">Let&#039;s clean up Europe (5)<\/div>\t\t\t\t\t\t\t\t\t\t\t<\/div>\r\n\t\t\t\t<\/div>\r\n\r\n\t\t\t\t\t\t<div style=\"clear: both;\"><\/div><\/div><div class=\"slideshow_view\">\r\n\t\t\t\t<div class=\"slideshow_slide slideshow_slide_image\">\r\n\t\t\t\t\t\t\t\t\t\t\t<img src=\"https:\/\/agora.xtec.cat\/ceip-montserrat\/wp-content\/uploads\/usu1311\/2024\/05\/Lets-clean-up-Europe-3.jpg\" alt=\"Let&#039;s clean up Europe (3)\" width=\"2048\" height=\"1536\" \/>\r\n\t\t\t\t\t\t\t\t\t\t<div class=\"slideshow_description_box slideshow_transparent\">\r\n\t\t\t\t\t\t<div class=\"slideshow_title\">Let&#039;s clean up Europe (3)<\/div>\t\t\t\t\t\t\t\t\t\t\t<\/div>\r\n\t\t\t\t<\/div>\r\n\r\n\t\t\t\t\t\t<div style=\"clear: both;\"><\/div><\/div><div class=\"slideshow_view\">\r\n\t\t\t\t<div class=\"slideshow_slide slideshow_slide_image\">\r\n\t\t\t\t\t\t\t\t\t\t\t<img src=\"https:\/\/agora.xtec.cat\/ceip-montserrat\/wp-content\/uploads\/usu1311\/2024\/05\/Lets-clean-up-Europe-2.jpg\" alt=\"Let&#039;s clean up Europe (2)\" width=\"1600\" height=\"1200\" \/>\r\n\t\t\t\t\t\t\t\t\t\t<div class=\"slideshow_description_box slideshow_transparent\">\r\n\t\t\t\t\t\t<div class=\"slideshow_title\">Let&#039;s clean up Europe (2)<\/div>\t\t\t\t\t\t\t\t\t\t\t<\/div>\r\n\t\t\t\t<\/div>\r\n\r\n\t\t\t\t\t\t<div style=\"clear: both;\"><\/div><\/div><div class=\"slideshow_view\">\r\n\t\t\t\t<div class=\"slideshow_slide slideshow_slide_image\">\r\n\t\t\t\t\t\t\t\t\t\t\t<img src=\"https:\/\/agora.xtec.cat\/ceip-montserrat\/wp-content\/uploads\/usu1311\/2024\/05\/Lets-clean-up-Europe-1.jpg\" alt=\"Let&#039;s clean up Europe (1)\" width=\"1599\" height=\"1200\" \/>\r\n\t\t\t\t\t\t\t\t\t\t<div class=\"slideshow_description_box slideshow_transparent\">\r\n\t\t\t\t\t\t<div class=\"slideshow_title\">Let&#039;s clean up Europe (1)<\/div>\t\t\t\t\t\t\t\t\t\t\t<\/div>\r\n\t\t\t\t<\/div>\r\n\r\n\t\t\t\t\t\t<div style=\"clear: both;\"><\/div><\/div>\r\n\t\t<\/div>\r\n\r\n\t\t<div class=\"slideshow_controlPanel slideshow_transparent\" style=\"display: none;\"><ul><li class=\"slideshow_togglePlay\" data-play-text=\"Visualitza\" data-pause-text=\"Pausa\"><\/li><\/ul><\/div>\r\n\r\n\t\t<div class=\"slideshow_button slideshow_previous slideshow_transparent\" role=\"button\" data-previous-text=\"Anterior\" style=\"display: none;\"><\/div>\r\n\t\t<div class=\"slideshow_button slideshow_next slideshow_transparent\" role=\"button\" data-next-text=\"Seg\u00fcent\" style=\"display: none;\"><\/div>\r\n\r\n\t\t<div class=\"slideshow_pagination\" style=\"display: none;\" data-go-to-text=\"V\u00e9s a la diapositiva\"><div class=\"slideshow_pagination_center\"><\/div><\/div>\r\n\r\n\t\t<!-- WordPress Slideshow Version 2.3.1 -->\r\n\r\n\t\t\t<\/div>\r\n\r\n<\/p>\n","protected":false},"excerpt":{"rendered":"<p>El passat divendres 10 de maig, l&#8217;alumnat de 5\u00e8 de prim\u00e0ria va participar e<a href=\"https:\/\/agora.xtec.cat\/ceip-montserrat\/wp-content\/uploads\/usu1311\/2024\/05\/banner-web-LCUE.jpg\"><\/a>n una operaci\u00f3 de neteja al Parc Natural de Collserola en el municipi de Sant Just Desvern, amb l&#8217;objectiu de sensibilitzar el nostre alumnat de la import\u00e0ncia de tenir cura del&hellip;  <a href=\"https:\/\/agora.xtec.cat\/ceip-montserrat\/general\/iniciativa-lets-clean-up-europe\/\" title=\"Read Iniciativa: Let&#8217;s clean up Europe\">Llegeix m\u00e9s\u00bb<\/a><\/p>\n","protected":false},"author":1,"featured_media":7260,"comment_status":"open","ping_status":"closed","sticky":false,"template":"","format":"standard","meta":{"_bbp_topic_count":0,"_bbp_reply_count":0,"_bbp_total_topic_count":0,"_bbp_total_reply_count":0,"_bbp_voice_count":0,"_bbp_anonymous_reply_count":0,"_bbp_topic_count_hidden":0,"_bbp_reply_count_hidden":0,"_bbp_forum_subforum_count":0,"footnotes":""},"categories":[14,244,1,97,4,5],"tags":[],"class_list":["post-7246","post","type-post","status-publish","format-standard","has-post-thumbnail","hentry","category-5e","category-etwinning","category-general","category-mitjansdecomunicacio","category-portada","category-primaria"],"post_mailing_queue_ids":[],"_links":{"self":[{"href":"https:\/\/agora.xtec.cat\/ceip-montserrat\/wp-json\/wp\/v2\/posts\/7246","targetHints":{"allow":["GET"]}}],"collection":[{"href":"https:\/\/agora.xtec.cat\/ceip-montserrat\/wp-json\/wp\/v2\/posts"}],"about":[{"href":"https:\/\/agora.xtec.cat\/ceip-montserrat\/wp-json\/wp\/v2\/types\/post"}],"author":[{"embeddable":true,"href":"https:\/\/agora.xtec.cat\/ceip-montserrat\/wp-json\/wp\/v2\/users\/1"}],"replies":[{"embeddable":true,"href":"https:\/\/agora.xtec.cat\/ceip-montserrat\/wp-json\/wp\/v2\/comments?post=7246"}],"version-history":[{"count":2,"href":"https:\/\/agora.xtec.cat\/ceip-montserrat\/wp-json\/wp\/v2\/posts\/7246\/revisions"}],"predecessor-version":[{"id":7261,"href":"https:\/\/agora.xtec.cat\/ceip-montserrat\/wp-json\/wp\/v2\/posts\/7246\/revisions\/7261"}],"wp:featuredmedia":[{"embeddable":true,"href":"https:\/\/agora.xtec.cat\/ceip-montserrat\/wp-json\/wp\/v2\/media\/7260"}],"wp:attachment":[{"href":"https:\/\/agora.xtec.cat\/ceip-montserrat\/wp-json\/wp\/v2\/media?parent=7246"}],"wp:term":[{"taxonomy":"category","embeddable":true,"href":"https:\/\/agora.xtec.cat\/ceip-montserrat\/wp-json\/wp\/v2\/categories?post=7246"},{"taxonomy":"post_tag","embeddable":true,"href":"https:\/\/agora.xtec.cat\/ceip-montserrat\/wp-json\/wp\/v2\/tags?post=7246"}],"curies":[{"name":"wp","href":"https:\/\/api.w.org\/{rel}","templated":true}]}}