{"id":855,"date":"2009-03-20T20:29:06","date_gmt":"2009-03-20T20:29:06","guid":{"rendered":"http:\/\/phobos.xtec.cat\/mmunoz11\/?p=855"},"modified":"2009-03-20T20:29:06","modified_gmt":"2009-03-20T20:29:06","slug":"la-visita-de-ricardo-alcantara","status":"publish","type":"post","link":"https:\/\/agora.xtec.cat\/ceip-montserrat-cornella\/biblioteca\/la-visita-de-ricardo-alcantara\/","title":{"rendered":"La visita de RICARDO ALC\u00c1NTARA i Montse Tobella"},"content":{"rendered":"<p style=\"text-align: justify;\">Avui 20 de mar\u00e7 ens han visitat l&#8217;escriptor Ricardo Alc\u00e1ntara i la il\u00b7lustradora Montse Tobella.<\/p>\n<p style=\"text-align: justify;\">A les classes de 1r i 2n ha vingut la il\u00b7lustradora Montse Tobella que ha fet els dibuixos d&#8217;alguns llibres d&#8217;en Ricardo. Tots dos estaven molt contents de coincidir a la nostra escola. La Montse ens ha fet uns dibuixos molt bonics i ens ha regalat alguns exemplars de la revista infantil TATANO en la que ella \u00e9s col\u00b7laboradora.<\/p>\n<p style=\"text-align: justify;\">Al mat\u00ed en Ricardo ha anat a les classes de 6\u00e8, P3, P4, P5, 1r, 2n i 5\u00e8 i a la tarda a les de 3r i 4t.<\/p>\n<p style=\"text-align: justify;\">Tots hem tingut l&#8217;oportunitat de fer-li preguntes sobre la seva feina i els seus llibres. Ell ha tingut l&#8217;amabilitat de respondre-les totes. Ens ho hem passat molt b\u00e9. Estavem molt nerviosos perqu\u00e8 teniem moltes ganes de con\u00e8ixer-lo. Durant molt de temps hem treballat els seus llibres i ens han agradat molt.<\/p>\n<p style=\"text-align: justify;\">Cada classe li tenia un regal preparat: dibuixos, contes\u00a0 i c\u00f2mics dels seus personatges. A Ricardo li ha agradat molt.<\/p>\n<p style=\"text-align: justify;\">Ricardo li ha regalat un llibre a la Mati <a href=\"http:\/\/gustillimpi.blogspot.com\/2009\/02\/muy-sagrado-muy-sagrado.html\">&#8220;La princesa cautiva&#8221;<\/a> i ella s&#8217;ha emocionat molt. \u00c9s un llibre preci\u00f3s, il\u00b7lustrat per Gusti.<\/p>\n<p style=\"text-align: justify;\">\n<p style=\"text-align: justify;\">Quin padr\u00ed m\u00e9s maco t\u00e9 la nostra biblioteca!!!!\u00a0 El dia de Sant Jordi, Ricardo tornar\u00e0 a venir i passar\u00e0\u00a0 tot el dia amb nosaltres i signar\u00e0\u00a0 els llibres que comprarem a la parada.<\/p>\n<p style=\"text-align: justify;\">Moltes gr\u00e0cies!!!<\/p>\n<p style=\"text-align: justify;\">Aqu\u00ed teniu unes quantes fotos d&#8217;aquesta visita.<\/p>\n<p style=\"text-align: justify;\"><a href=\"http:\/\/phobos.xtec.cat\/mmunoz11\/Documentos\/entrevistaricardo509.pdf\">Entrevista a Ricardo Alc\u00e1ntara 5\u00e8 de prim\u00e0ria<\/a><\/p>\n<p style=\"text-align: justify;\"><a href=\"http:\/\/phobos.xtec.cat\/mmunoz11\/Documentos\/entrevistaricardo409.pdf\">Entrevista a Ricardo Alc\u00e1ntara 4t de prim\u00e0ria<\/a><\/p>\n<p style=\"text-align: justify;\"><a href=\"http:\/\/phobos.xtec.cat\/mmunoz11\/Documentos\/entrevistaricardo6e09.pdf\">Entrevista a Ricardo Alc\u00e1ntara 6\u00e8 de prim\u00e0ria<\/a><\/p>\n<p style=\"text-align: justify;\">\n<div style=\"align: center; text-align: center;\"><object classid=\"clsid:d27cdb6e-ae6d-11cf-96b8-444553540000\" width=\"288\" height=\"192\" codebase=\"http:\/\/download.macromedia.com\/pub\/shockwave\/cabs\/flash\/swflash.cab#version=6,0,40,0\"><param name=\"flashvars\" value=\"host=picasaweb.google.com&amp;RGB=0xe5fab7&amp;feed=http%3A%2F%2Fpicasaweb.google.com%2Fdata%2Ffeed%2Fapi%2Fuser%2Fen.ratlletes%2Falbumid%2F5315969451687158449%3Fkind%3Dphoto%26alt%3Drss\" \/><param name=\"src\" value=\"http:\/\/picasaweb.google.com\/s\/c\/bin\/slideshow.swf\" \/><embed type=\"application\/x-shockwave-flash\" width=\"288\" height=\"192\" src=\"http:\/\/picasaweb.google.com\/s\/c\/bin\/slideshow.swf\" flashvars=\"host=picasaweb.google.com&amp;RGB=0xe5fab7&amp;feed=http%3A%2F%2Fpicasaweb.google.com%2Fdata%2Ffeed%2Fapi%2Fuser%2Fen.ratlletes%2Falbumid%2F5315969451687158449%3Fkind%3Dphoto%26alt%3Drss\"><\/embed><\/object><\/div>\n","protected":false},"excerpt":{"rendered":"<p>Avui 20 de mar\u00e7 ens han visitat l&#8217;escriptor Ricardo Alc\u00e1ntara i la il\u00b7lustradora Montse Tobella. A les classes de 1r i 2n ha vingut la il\u00b7lustradora Montse Tobella que ha fet els dibuixos d&#8217;alguns llibres d&#8217;en Ricardo. Tots dos estaven molt contents de coincidir a la nostra escola. La Montse ens ha fet uns dibuixos [&hellip;]<\/p>\n","protected":false},"author":4,"featured_media":0,"comment_status":"open","ping_status":"open","sticky":false,"template":"","format":"standard","meta":{"_bbp_topic_count":0,"_bbp_reply_count":0,"_bbp_total_topic_count":0,"_bbp_total_reply_count":0,"_bbp_voice_count":0,"_bbp_anonymous_reply_count":0,"_bbp_topic_count_hidden":0,"_bbp_reply_count_hidden":0,"_bbp_forum_subforum_count":0,"site-sidebar-layout":"default","site-content-layout":"","ast-site-content-layout":"","site-content-style":"default","site-sidebar-style":"default","ast-global-header-display":"","ast-banner-title-visibility":"","ast-main-header-display":"","ast-hfb-above-header-display":"","ast-hfb-below-header-display":"","ast-hfb-mobile-header-display":"","site-post-title":"","ast-breadcrumbs-content":"","ast-featured-img":"","footer-sml-layout":"","theme-transparent-header-meta":"","adv-header-id-meta":"","stick-header-meta":"","header-above-stick-meta":"","header-main-stick-meta":"","header-below-stick-meta":"","astra-migrate-meta-layouts":"default","ast-page-background-enabled":"default","ast-page-background-meta":{"desktop":{"background-color":"var(--ast-global-color-4)","background-image":"","background-repeat":"repeat","background-position":"center center","background-size":"auto","background-attachment":"scroll","background-type":"","background-media":"","overlay-type":"","overlay-color":"","overlay-opacity":"","overlay-gradient":""},"tablet":{"background-color":"","background-image":"","background-repeat":"repeat","background-position":"center center","background-size":"auto","background-attachment":"scroll","background-type":"","background-media":"","overlay-type":"","overlay-color":"","overlay-opacity":"","overlay-gradient":""},"mobile":{"background-color":"","background-image":"","background-repeat":"repeat","background-position":"center center","background-size":"auto","background-attachment":"scroll","background-type":"","background-media":"","overlay-type":"","overlay-color":"","overlay-opacity":"","overlay-gradient":""}},"ast-content-background-meta":{"desktop":{"background-color":"var(--ast-global-color-5)","background-image":"","background-repeat":"repeat","background-position":"center center","background-size":"auto","background-attachment":"scroll","background-type":"","background-media":"","overlay-type":"","overlay-color":"","overlay-opacity":"","overlay-gradient":""},"tablet":{"background-color":"var(--ast-global-color-5)","background-image":"","background-repeat":"repeat","background-position":"center center","background-size":"auto","background-attachment":"scroll","background-type":"","background-media":"","overlay-type":"","overlay-color":"","overlay-opacity":"","overlay-gradient":""},"mobile":{"background-color":"var(--ast-global-color-5)","background-image":"","background-repeat":"repeat","background-position":"center center","background-size":"auto","background-attachment":"scroll","background-type":"","background-media":"","overlay-type":"","overlay-color":"","overlay-opacity":"","overlay-gradient":""}},"footnotes":""},"categories":[149],"tags":[],"class_list":["post-855","post","type-post","status-publish","format-standard","hentry","category-biblioteca"],"post_mailing_queue_ids":[],"_links":{"self":[{"href":"https:\/\/agora.xtec.cat\/ceip-montserrat-cornella\/wp-json\/wp\/v2\/posts\/855","targetHints":{"allow":["GET"]}}],"collection":[{"href":"https:\/\/agora.xtec.cat\/ceip-montserrat-cornella\/wp-json\/wp\/v2\/posts"}],"about":[{"href":"https:\/\/agora.xtec.cat\/ceip-montserrat-cornella\/wp-json\/wp\/v2\/types\/post"}],"author":[{"embeddable":true,"href":"https:\/\/agora.xtec.cat\/ceip-montserrat-cornella\/wp-json\/wp\/v2\/users\/4"}],"replies":[{"embeddable":true,"href":"https:\/\/agora.xtec.cat\/ceip-montserrat-cornella\/wp-json\/wp\/v2\/comments?post=855"}],"version-history":[{"count":1,"href":"https:\/\/agora.xtec.cat\/ceip-montserrat-cornella\/wp-json\/wp\/v2\/posts\/855\/revisions"}],"predecessor-version":[{"id":13232,"href":"https:\/\/agora.xtec.cat\/ceip-montserrat-cornella\/wp-json\/wp\/v2\/posts\/855\/revisions\/13232"}],"wp:attachment":[{"href":"https:\/\/agora.xtec.cat\/ceip-montserrat-cornella\/wp-json\/wp\/v2\/media?parent=855"}],"wp:term":[{"taxonomy":"category","embeddable":true,"href":"https:\/\/agora.xtec.cat\/ceip-montserrat-cornella\/wp-json\/wp\/v2\/categories?post=855"},{"taxonomy":"post_tag","embeddable":true,"href":"https:\/\/agora.xtec.cat\/ceip-montserrat-cornella\/wp-json\/wp\/v2\/tags?post=855"}],"curies":[{"name":"wp","href":"https:\/\/api.w.org\/{rel}","templated":true}]}}